{"id":7023,"date":"2026-08-29T19:22:09","date_gmt":"2026-08-29T17:22:09","guid":{"rendered":"https:\/\/tadejpogacar.com\/sl\/?p=7023"},"modified":"2026-08-29T23:48:34","modified_gmt":"2026-08-29T21:48:34","slug":"bolec-konec-vuelte-za-tadeja","status":"publish","type":"post","link":"https:\/\/tadejpogacar.com\/sl\/blog\/bolec-konec-vuelte-za-tadeja\/","title":{"rendered":"Bole\u010d konec Vuelte za Tadeja"},"content":{"rendered":"\n<p class=\"wp-block-paragraph\">Dirka po \u0160paniji, na kateri je slavil \u017ee tri etapne zmage in prepri\u010dljivo nosil rde\u010do majico vodilnega, se je za Tadeja kon\u010dala pred\u010dasno in v bole\u010dinah. V ravninski 8. etapi je grdo padel 33 kilometrov pred ciljem v Xeracu. <\/p>\n\n\n\n<p class=\"wp-block-paragraph\">Posku\u0161al je nadaljevati dirko, vendar so bile bole\u010dine prehude. S po\u0161kodovano levo ramo in urezninami nad o\u010desom je od\u0161el v re\u0161evalno vozilo.<\/p>\n\n\n\n<p class=\"wp-block-paragraph\">To je bil Tadejev prvi odstop v desetih nastopih na tritedenskih dirkah in prvi odstop po dirki&nbsp;Li\u00e8ge\u2013Bastogne\u2013Li\u00e8ge leta 2023, na kateri si je pri padcu zlomil zapestje.<\/p>\n\n\n\n<p class=\"wp-block-paragraph\">\u00bbNa \u017ealost je Tadej med dana\u0161njo etapo hudo padel in ni mogel nadaljevati dirke. Je stabilen, po temeljiti zdravni\u0161ki oceni v bolni\u0161nici pa so mu diagnosticirali pretres mo\u017eganov, izpahnjen zlom leve klju\u010dnice, stabilen zlom vratnega vretenca C7 in \u0161tevilne odrgnine. Na sre\u010do ni utrpel drugih ve\u010djih po\u0161kodb in ni pri\u0161lo do nevrolo\u0161kih posledic. Potrebna bo operacija klju\u010dnice, ki bo zaradi previdnostnih ukrepov, povezanih s pretresom mo\u017eganov, odlo\u017eena. Tadej ostaja v oskrbi na\u0161e zdravstvene ekipe, dodatne informacije pa bomo posredovali po operaciji,\u00ab je o Tadejevih po\u0161kodbah povedal dr. Adrian Rotunno, zdravstveni direktor ekipe UAE Team Emirates-XRG.<\/p>\n","protected":false},"excerpt":{"rendered":"<p>Dirka po \u0160paniji, na kateri je slavil \u017ee tri etapne zmage in prepri\u010dljivo nosil rde\u010do majico vodilnega, se je za<\/p>\n","protected":false},"author":1094,"featured_media":7025,"comment_status":"closed","ping_status":"closed","sticky":false,"template":"","format":"standard","meta":{"_acf_changed":false,"iawp_total_views":161,"footnotes":""},"categories":[1],"tags":[],"class_list":["post-7023","post","type-post","status-publish","format-standard","has-post-thumbnail","hentry","category-novice"],"acf":[],"yoast_head":"<!-- This site is optimized with the Yoast SEO plugin v27.8 - https:\/\/yoast.com\/product\/yoast-seo-wordpress\/ -->\n<title>Bole\u010d konec Vuelte za Tadeja - Tadej Poga\u010dar<\/title>\n<meta name=\"robots\" content=\"index, follow, max-snippet:-1, max-image-preview:large, max-video-preview:-1\" \/>\n<link rel=\"canonical\" href=\"https:\/\/tadejpogacar.com\/sl\/blog\/bolec-konec-vuelte-za-tadeja\/\" \/>\n<meta property=\"og:locale\" content=\"sl_SI\" \/>\n<meta property=\"og:type\" content=\"article\" \/>\n<meta property=\"og:title\" content=\"Bole\u010d konec Vuelte za Tadeja - Tadej Poga\u010dar\" \/>\n<meta property=\"og:description\" content=\"Dirka po \u0160paniji, na kateri je slavil \u017ee tri etapne zmage in prepri\u010dljivo nosil rde\u010do majico vodilnega, se je za\" \/>\n<meta property=\"og:url\" content=\"https:\/\/tadejpogacar.com\/sl\/blog\/bolec-konec-vuelte-za-tadeja\/\" \/>\n<meta property=\"og:site_name\" content=\"Tadej Poga\u010dar\" \/>\n<meta property=\"article:publisher\" content=\"https:\/\/www.facebook.com\/Tadej-Pogaar-Brand-108786571960953\" \/>\n<meta property=\"article:published_time\" content=\"2026-08-29T17:22:09+00:00\" \/>\n<meta property=\"article:modified_time\" content=\"2026-08-29T21:48:34+00:00\" \/>\n<meta property=\"og:image\" content=\"https:\/\/tadejpogacar.com\/sl\/wp-content\/uploads\/sites\/3\/2026\/08\/Pogi-Vuelta-odstop.jpg\" \/>\n\t<meta property=\"og:image:width\" content=\"1333\" \/>\n\t<meta property=\"og:image:height\" content=\"2000\" \/>\n\t<meta property=\"og:image:type\" content=\"image\/jpeg\" \/>\n<meta name=\"author\" content=\"miha\" \/>\n<meta name=\"twitter:card\" content=\"summary_large_image\" \/>\n<meta name=\"twitter:creator\" content=\"@TamauPogi\" \/>\n<meta name=\"twitter:site\" content=\"@TamauPogi\" \/>\n<meta name=\"twitter:label1\" content=\"Written by\" \/>\n\t<meta name=\"twitter:data1\" content=\"miha\" \/>\n\t<meta name=\"twitter:label2\" content=\"Est. reading time\" \/>\n\t<meta name=\"twitter:data2\" content=\"2 minuti\" \/>\n<script type=\"application\/ld+json\" class=\"yoast-schema-graph\">{\"@context\":\"https:\\\/\\\/schema.org\",\"@graph\":[{\"@type\":\"Article\",\"@id\":\"https:\\\/\\\/tadejpogacar.com\\\/sl\\\/blog\\\/bolec-konec-vuelte-za-tadeja\\\/#article\",\"isPartOf\":{\"@id\":\"https:\\\/\\\/tadejpogacar.com\\\/sl\\\/blog\\\/bolec-konec-vuelte-za-tadeja\\\/\"},\"author\":{\"name\":\"miha\",\"@id\":\"https:\\\/\\\/tadejpogacar.com\\\/sl\\\/#\\\/schema\\\/person\\\/fe142a194ce84b68b083d8af63afbd4f\"},\"headline\":\"Bole\u010d konec Vuelte za Tadeja\",\"datePublished\":\"2026-08-29T17:22:09+00:00\",\"dateModified\":\"2026-08-29T21:48:34+00:00\",\"mainEntityOfPage\":{\"@id\":\"https:\\\/\\\/tadejpogacar.com\\\/sl\\\/blog\\\/bolec-konec-vuelte-za-tadeja\\\/\"},\"wordCount\":217,\"publisher\":{\"@id\":\"https:\\\/\\\/tadejpogacar.com\\\/sl\\\/#organization\"},\"image\":{\"@id\":\"https:\\\/\\\/tadejpogacar.com\\\/sl\\\/blog\\\/bolec-konec-vuelte-za-tadeja\\\/#primaryimage\"},\"thumbnailUrl\":\"https:\\\/\\\/tadejpogacar.com\\\/sl\\\/wp-content\\\/uploads\\\/sites\\\/3\\\/2026\\\/08\\\/Pogi-Vuelta-odstop.jpg\",\"articleSection\":[\"Novice\"],\"inLanguage\":\"sl-SI\"},{\"@type\":\"WebPage\",\"@id\":\"https:\\\/\\\/tadejpogacar.com\\\/sl\\\/blog\\\/bolec-konec-vuelte-za-tadeja\\\/\",\"url\":\"https:\\\/\\\/tadejpogacar.com\\\/sl\\\/blog\\\/bolec-konec-vuelte-za-tadeja\\\/\",\"name\":\"Bole\u010d konec Vuelte za Tadeja - Tadej Poga\u010dar\",\"isPartOf\":{\"@id\":\"https:\\\/\\\/tadejpogacar.com\\\/sl\\\/#website\"},\"primaryImageOfPage\":{\"@id\":\"https:\\\/\\\/tadejpogacar.com\\\/sl\\\/blog\\\/bolec-konec-vuelte-za-tadeja\\\/#primaryimage\"},\"image\":{\"@id\":\"https:\\\/\\\/tadejpogacar.com\\\/sl\\\/blog\\\/bolec-konec-vuelte-za-tadeja\\\/#primaryimage\"},\"thumbnailUrl\":\"https:\\\/\\\/tadejpogacar.com\\\/sl\\\/wp-content\\\/uploads\\\/sites\\\/3\\\/2026\\\/08\\\/Pogi-Vuelta-odstop.jpg\",\"datePublished\":\"2026-08-29T17:22:09+00:00\",\"dateModified\":\"2026-08-29T21:48:34+00:00\",\"breadcrumb\":{\"@id\":\"https:\\\/\\\/tadejpogacar.com\\\/sl\\\/blog\\\/bolec-konec-vuelte-za-tadeja\\\/#breadcrumb\"},\"inLanguage\":\"sl-SI\",\"potentialAction\":[{\"@type\":\"ReadAction\",\"target\":[\"https:\\\/\\\/tadejpogacar.com\\\/sl\\\/blog\\\/bolec-konec-vuelte-za-tadeja\\\/\"]}]},{\"@type\":\"ImageObject\",\"inLanguage\":\"sl-SI\",\"@id\":\"https:\\\/\\\/tadejpogacar.com\\\/sl\\\/blog\\\/bolec-konec-vuelte-za-tadeja\\\/#primaryimage\",\"url\":\"https:\\\/\\\/tadejpogacar.com\\\/sl\\\/wp-content\\\/uploads\\\/sites\\\/3\\\/2026\\\/08\\\/Pogi-Vuelta-odstop.jpg\",\"contentUrl\":\"https:\\\/\\\/tadejpogacar.com\\\/sl\\\/wp-content\\\/uploads\\\/sites\\\/3\\\/2026\\\/08\\\/Pogi-Vuelta-odstop.jpg\",\"width\":1333,\"height\":2000},{\"@type\":\"BreadcrumbList\",\"@id\":\"https:\\\/\\\/tadejpogacar.com\\\/sl\\\/blog\\\/bolec-konec-vuelte-za-tadeja\\\/#breadcrumb\",\"itemListElement\":[{\"@type\":\"ListItem\",\"position\":1,\"name\":\"Home\",\"item\":\"https:\\\/\\\/tadejpogacar.com\\\/sl\\\/\"},{\"@type\":\"ListItem\",\"position\":2,\"name\":\"Bole\u010d konec Vuelte za Tadeja\"}]},{\"@type\":\"WebSite\",\"@id\":\"https:\\\/\\\/tadejpogacar.com\\\/sl\\\/#website\",\"url\":\"https:\\\/\\\/tadejpogacar.com\\\/sl\\\/\",\"name\":\"Tadej Poga\u010dar\",\"description\":\"Uradna spletna stran\",\"publisher\":{\"@id\":\"https:\\\/\\\/tadejpogacar.com\\\/sl\\\/#organization\"},\"potentialAction\":[{\"@type\":\"SearchAction\",\"target\":{\"@type\":\"EntryPoint\",\"urlTemplate\":\"https:\\\/\\\/tadejpogacar.com\\\/sl\\\/?s={search_term_string}\"},\"query-input\":{\"@type\":\"PropertyValueSpecification\",\"valueRequired\":true,\"valueName\":\"search_term_string\"}}],\"inLanguage\":\"sl-SI\"},{\"@type\":\"Organization\",\"@id\":\"https:\\\/\\\/tadejpogacar.com\\\/sl\\\/#organization\",\"name\":\"Na klancu d.o.o.\",\"url\":\"https:\\\/\\\/tadejpogacar.com\\\/sl\\\/\",\"logo\":{\"@type\":\"ImageObject\",\"inLanguage\":\"sl-SI\",\"@id\":\"https:\\\/\\\/tadejpogacar.com\\\/sl\\\/#\\\/schema\\\/logo\\\/image\\\/\",\"url\":\"https:\\\/\\\/tadejpogacar.com\\\/sl\\\/wp-content\\\/uploads\\\/sites\\\/3\\\/2024\\\/08\\\/TadejPogacar.webp\",\"contentUrl\":\"https:\\\/\\\/tadejpogacar.com\\\/sl\\\/wp-content\\\/uploads\\\/sites\\\/3\\\/2024\\\/08\\\/TadejPogacar.webp\",\"width\":300,\"height\":68,\"caption\":\"Na klancu d.o.o.\"},\"image\":{\"@id\":\"https:\\\/\\\/tadejpogacar.com\\\/sl\\\/#\\\/schema\\\/logo\\\/image\\\/\"},\"sameAs\":[\"https:\\\/\\\/www.facebook.com\\\/Tadej-Pogaar-Brand-108786571960953\",\"https:\\\/\\\/x.com\\\/TamauPogi\",\"https:\\\/\\\/www.instagram.com\\\/tadejpogacar\\\/\",\"https:\\\/\\\/www.youtube.com\\\/c\\\/TadejPogacarOfficial\\\/videos\"]},{\"@type\":\"Person\",\"@id\":\"https:\\\/\\\/tadejpogacar.com\\\/sl\\\/#\\\/schema\\\/person\\\/fe142a194ce84b68b083d8af63afbd4f\",\"name\":\"miha\",\"image\":{\"@type\":\"ImageObject\",\"inLanguage\":\"sl-SI\",\"@id\":\"https:\\\/\\\/secure.gravatar.com\\\/avatar\\\/af93e829a77aef260157fcd424e42411a045467d8199a8f88d0b2cdeb17e056c?s=96&d=mm&r=g\",\"url\":\"https:\\\/\\\/secure.gravatar.com\\\/avatar\\\/af93e829a77aef260157fcd424e42411a045467d8199a8f88d0b2cdeb17e056c?s=96&d=mm&r=g\",\"contentUrl\":\"https:\\\/\\\/secure.gravatar.com\\\/avatar\\\/af93e829a77aef260157fcd424e42411a045467d8199a8f88d0b2cdeb17e056c?s=96&d=mm&r=g\",\"caption\":\"miha\"},\"url\":\"https:\\\/\\\/tadejpogacar.com\\\/sl\\\/blog\\\/author\\\/miha\\\/\"}]}<\/script>\n<!-- \/ Yoast SEO plugin. -->","yoast_head_json":{"title":"Bole\u010d konec Vuelte za Tadeja - Tadej Poga\u010dar","robots":{"index":"index","follow":"follow","max-snippet":"max-snippet:-1","max-image-preview":"max-image-preview:large","max-video-preview":"max-video-preview:-1"},"canonical":"https:\/\/tadejpogacar.com\/sl\/blog\/bolec-konec-vuelte-za-tadeja\/","og_locale":"sl_SI","og_type":"article","og_title":"Bole\u010d konec Vuelte za Tadeja - Tadej Poga\u010dar","og_description":"Dirka po \u0160paniji, na kateri je slavil \u017ee tri etapne zmage in prepri\u010dljivo nosil rde\u010do majico vodilnega, se je za","og_url":"https:\/\/tadejpogacar.com\/sl\/blog\/bolec-konec-vuelte-za-tadeja\/","og_site_name":"Tadej Poga\u010dar","article_publisher":"https:\/\/www.facebook.com\/Tadej-Pogaar-Brand-108786571960953","article_published_time":"2026-08-29T17:22:09+00:00","article_modified_time":"2026-08-29T21:48:34+00:00","og_image":[{"width":1333,"height":2000,"url":"https:\/\/tadejpogacar.com\/sl\/wp-content\/uploads\/sites\/3\/2026\/08\/Pogi-Vuelta-odstop.jpg","type":"image\/jpeg"}],"author":"miha","twitter_card":"summary_large_image","twitter_creator":"@TamauPogi","twitter_site":"@TamauPogi","twitter_misc":{"Written by":"miha","Est. reading time":"2 minuti"},"schema":{"@context":"https:\/\/schema.org","@graph":[{"@type":"Article","@id":"https:\/\/tadejpogacar.com\/sl\/blog\/bolec-konec-vuelte-za-tadeja\/#article","isPartOf":{"@id":"https:\/\/tadejpogacar.com\/sl\/blog\/bolec-konec-vuelte-za-tadeja\/"},"author":{"name":"miha","@id":"https:\/\/tadejpogacar.com\/sl\/#\/schema\/person\/fe142a194ce84b68b083d8af63afbd4f"},"headline":"Bole\u010d konec Vuelte za Tadeja","datePublished":"2026-08-29T17:22:09+00:00","dateModified":"2026-08-29T21:48:34+00:00","mainEntityOfPage":{"@id":"https:\/\/tadejpogacar.com\/sl\/blog\/bolec-konec-vuelte-za-tadeja\/"},"wordCount":217,"publisher":{"@id":"https:\/\/tadejpogacar.com\/sl\/#organization"},"image":{"@id":"https:\/\/tadejpogacar.com\/sl\/blog\/bolec-konec-vuelte-za-tadeja\/#primaryimage"},"thumbnailUrl":"https:\/\/tadejpogacar.com\/sl\/wp-content\/uploads\/sites\/3\/2026\/08\/Pogi-Vuelta-odstop.jpg","articleSection":["Novice"],"inLanguage":"sl-SI"},{"@type":"WebPage","@id":"https:\/\/tadejpogacar.com\/sl\/blog\/bolec-konec-vuelte-za-tadeja\/","url":"https:\/\/tadejpogacar.com\/sl\/blog\/bolec-konec-vuelte-za-tadeja\/","name":"Bole\u010d konec Vuelte za Tadeja - Tadej Poga\u010dar","isPartOf":{"@id":"https:\/\/tadejpogacar.com\/sl\/#website"},"primaryImageOfPage":{"@id":"https:\/\/tadejpogacar.com\/sl\/blog\/bolec-konec-vuelte-za-tadeja\/#primaryimage"},"image":{"@id":"https:\/\/tadejpogacar.com\/sl\/blog\/bolec-konec-vuelte-za-tadeja\/#primaryimage"},"thumbnailUrl":"https:\/\/tadejpogacar.com\/sl\/wp-content\/uploads\/sites\/3\/2026\/08\/Pogi-Vuelta-odstop.jpg","datePublished":"2026-08-29T17:22:09+00:00","dateModified":"2026-08-29T21:48:34+00:00","breadcrumb":{"@id":"https:\/\/tadejpogacar.com\/sl\/blog\/bolec-konec-vuelte-za-tadeja\/#breadcrumb"},"inLanguage":"sl-SI","potentialAction":[{"@type":"ReadAction","target":["https:\/\/tadejpogacar.com\/sl\/blog\/bolec-konec-vuelte-za-tadeja\/"]}]},{"@type":"ImageObject","inLanguage":"sl-SI","@id":"https:\/\/tadejpogacar.com\/sl\/blog\/bolec-konec-vuelte-za-tadeja\/#primaryimage","url":"https:\/\/tadejpogacar.com\/sl\/wp-content\/uploads\/sites\/3\/2026\/08\/Pogi-Vuelta-odstop.jpg","contentUrl":"https:\/\/tadejpogacar.com\/sl\/wp-content\/uploads\/sites\/3\/2026\/08\/Pogi-Vuelta-odstop.jpg","width":1333,"height":2000},{"@type":"BreadcrumbList","@id":"https:\/\/tadejpogacar.com\/sl\/blog\/bolec-konec-vuelte-za-tadeja\/#breadcrumb","itemListElement":[{"@type":"ListItem","position":1,"name":"Home","item":"https:\/\/tadejpogacar.com\/sl\/"},{"@type":"ListItem","position":2,"name":"Bole\u010d konec Vuelte za Tadeja"}]},{"@type":"WebSite","@id":"https:\/\/tadejpogacar.com\/sl\/#website","url":"https:\/\/tadejpogacar.com\/sl\/","name":"Tadej Poga\u010dar","description":"Uradna spletna stran","publisher":{"@id":"https:\/\/tadejpogacar.com\/sl\/#organization"},"potentialAction":[{"@type":"SearchAction","target":{"@type":"EntryPoint","urlTemplate":"https:\/\/tadejpogacar.com\/sl\/?s={search_term_string}"},"query-input":{"@type":"PropertyValueSpecification","valueRequired":true,"valueName":"search_term_string"}}],"inLanguage":"sl-SI"},{"@type":"Organization","@id":"https:\/\/tadejpogacar.com\/sl\/#organization","name":"Na klancu d.o.o.","url":"https:\/\/tadejpogacar.com\/sl\/","logo":{"@type":"ImageObject","inLanguage":"sl-SI","@id":"https:\/\/tadejpogacar.com\/sl\/#\/schema\/logo\/image\/","url":"https:\/\/tadejpogacar.com\/sl\/wp-content\/uploads\/sites\/3\/2024\/08\/TadejPogacar.webp","contentUrl":"https:\/\/tadejpogacar.com\/sl\/wp-content\/uploads\/sites\/3\/2024\/08\/TadejPogacar.webp","width":300,"height":68,"caption":"Na klancu d.o.o."},"image":{"@id":"https:\/\/tadejpogacar.com\/sl\/#\/schema\/logo\/image\/"},"sameAs":["https:\/\/www.facebook.com\/Tadej-Pogaar-Brand-108786571960953","https:\/\/x.com\/TamauPogi","https:\/\/www.instagram.com\/tadejpogacar\/","https:\/\/www.youtube.com\/c\/TadejPogacarOfficial\/videos"]},{"@type":"Person","@id":"https:\/\/tadejpogacar.com\/sl\/#\/schema\/person\/fe142a194ce84b68b083d8af63afbd4f","name":"miha","image":{"@type":"ImageObject","inLanguage":"sl-SI","@id":"https:\/\/secure.gravatar.com\/avatar\/af93e829a77aef260157fcd424e42411a045467d8199a8f88d0b2cdeb17e056c?s=96&d=mm&r=g","url":"https:\/\/secure.gravatar.com\/avatar\/af93e829a77aef260157fcd424e42411a045467d8199a8f88d0b2cdeb17e056c?s=96&d=mm&r=g","contentUrl":"https:\/\/secure.gravatar.com\/avatar\/af93e829a77aef260157fcd424e42411a045467d8199a8f88d0b2cdeb17e056c?s=96&d=mm&r=g","caption":"miha"},"url":"https:\/\/tadejpogacar.com\/sl\/blog\/author\/miha\/"}]}},"_links":{"self":[{"href":"https:\/\/tadejpogacar.com\/sl\/wp-json\/wp\/v2\/posts\/7023","targetHints":{"allow":["GET"]}}],"collection":[{"href":"https:\/\/tadejpogacar.com\/sl\/wp-json\/wp\/v2\/posts"}],"about":[{"href":"https:\/\/tadejpogacar.com\/sl\/wp-json\/wp\/v2\/types\/post"}],"author":[{"embeddable":true,"href":"https:\/\/tadejpogacar.com\/sl\/wp-json\/wp\/v2\/users\/1094"}],"replies":[{"embeddable":true,"href":"https:\/\/tadejpogacar.com\/sl\/wp-json\/wp\/v2\/comments?post=7023"}],"version-history":[{"count":3,"href":"https:\/\/tadejpogacar.com\/sl\/wp-json\/wp\/v2\/posts\/7023\/revisions"}],"predecessor-version":[{"id":7030,"href":"https:\/\/tadejpogacar.com\/sl\/wp-json\/wp\/v2\/posts\/7023\/revisions\/7030"}],"wp:featuredmedia":[{"embeddable":true,"href":"https:\/\/tadejpogacar.com\/sl\/wp-json\/wp\/v2\/media\/7025"}],"wp:attachment":[{"href":"https:\/\/tadejpogacar.com\/sl\/wp-json\/wp\/v2\/media?parent=7023"}],"wp:term":[{"taxonomy":"category","embeddable":true,"href":"https:\/\/tadejpogacar.com\/sl\/wp-json\/wp\/v2\/categories?post=7023"},{"taxonomy":"post_tag","embeddable":true,"href":"https:\/\/tadejpogacar.com\/sl\/wp-json\/wp\/v2\/tags?post=7023"}],"curies":[{"name":"wp","href":"https:\/\/api.w.org\/{rel}","templated":true}]}}