{"id":7011,"date":"2026-08-27T19:49:07","date_gmt":"2026-08-27T17:49:07","guid":{"rendered":"https:\/\/tadejpogacar.com\/sl\/?p=7011"},"modified":"2026-08-28T11:42:53","modified_gmt":"2026-08-28T09:42:53","slug":"tretja-zmaga-ni-bila-nacrtovana","status":"publish","type":"post","link":"https:\/\/tadejpogacar.com\/sl\/blog\/tretja-zmaga-ni-bila-nacrtovana\/","title":{"rendered":"Tretja zmaga ni bila na\u010drtovana"},"content":{"rendered":"\n<p class=\"wp-block-paragraph\">Za Tadejem je izjemen uvod v 81. dirko po \u0160paniji, na kateri je v \u0161estih etapah slavil \u017ee tri zmage. Zadnja ni bila na\u010drtovana. S svojo ekipo UAE Team Emirates \u2013 XRG je pri\u010dakoval, da se bodo na razgibani 177,4-kilometrski preizku\u0161nji od Alcissebre do Castella, na kateri je morala karavana premagati skoraj 3000 vi\u0161inskih metrov, med seboj udarili ube\u017eniki, a ko se je ponudila prilo\u017enost, Tadej ni okleval.<\/p>\n\n\n\n<p class=\"wp-block-paragraph\">\u00bbDanes smo nameravali ube\u017enikom dovoliti, da pobegnejo, vendar je trajalo skoraj dve uri, da se je ube\u017ena skupina oblikovala, zato smo morali na koncu nadzorovati manj kot polovico etape. Jo\u00e3o Almeida in Kevin Vermaercke sta opravila odli\u010dno delo, da je vse ostalo skupaj, nato pa sem se lahko podal po etapno zmago, pri \u010demer so me Pavel Sivakov, Jay Vine in Pablo Torres vodili na vzponu in mi pripravili popoln napad,\u00ab je v cilju povedal Tadej.<\/p>\n\n\n\n<p class=\"wp-block-paragraph\">Pospe\u0161il je na najte\u017ejem vzponu dneva na Puerto de El Bartolo slabih 25 kilometrov pred ciljem. Ostal je sam v ospredju, a na vrhu klanca ga je ujel Enric Mas (Movistar). \u00bbNa vrhu sem bil zelo presene\u010den. Mas je poletel mimo mene kot raketa. Tega nisem pri\u010dakoval, ker sem po radiu sli\u0161al, da imam pred prvimi zasledovalci okoli 40 sekund prednosti, o Enricu pa ni bilo omembe. Ko me je prehitel, sem bil nekoliko \u0161okiran in prepri\u010dan sem bil, da je poznal spust. Nato sem bil vesel, da sem bil z njim zadnjih 10 kilometrov proti vetru, saj nisem imel vode in bilo je prijetno imeti dru\u017ebo. Vedel sem, da ga lahko premagam v \u0161printu, vendar sem vseeno cenil, da je dal vse od sebe, in tudi jaz sem do cilja dal vse od sebe. Klobuk dol pred njim, bila je odli\u010dna dirka,\u00ab je \u0161e povedal Tadej.<\/p>\n\n\n\n<p class=\"wp-block-paragraph\">Med spustom je do\u017eivel tudi neprijeten trenutek, zapeljal je s ceste, a \u0161e vedno zavrl dovolj previdno, da ni padel. V \u0161printu je bil tako kot na dirki po Lombardiji leta 2022 mo\u010dnej\u0161i od Masa, tako da je slavil \u017ee tretjo etapno zmago na leto\u0161nji Vuelti. To je bila njegova \u017ee \u0161esta zmaga na tritedenski \u0161panski preizku\u0161nji, na kateri je tri etape dobil tudi ob krstnem nastopu leta 2019.<\/p>\n\n\n\n<p class=\"wp-block-paragraph\">Tadej, ki je slavil 22. leto\u0161njo in 130. karierno zmago, \u017ee od zmage v uvodni vo\u017enji na \u010das v Monaku nosi rde\u010do majico vodilnega, tokrat pa je tudi pove\u010dal prednost pred prvimi zasledovalci. Na 2. mestu je zdaj Mas, ki zaostaja 3:34, na 3. mestu pa je Primo\u017e Rogli\u010d (Red Bull Bora Hansgrohe) z zaostankom 4:21. Tudi jutri\u0161nja 7. etapa bo zelo zanimiva, kolesarji bodo morali v 150 kilometrih premagati 3750 vi\u0161inskih metrov, o zmagovalcu pa bo odlo\u010dal ciljni vzpon na Aram\u00f3n Valdelinares<strong>.<\/strong><\/p>\n","protected":false},"excerpt":{"rendered":"<p>Za Tadejem je izjemen uvod v 81. dirko po \u0160paniji, na kateri je v \u0161estih etapah slavil \u017ee tri zmage.<\/p>\n","protected":false},"author":1094,"featured_media":7013,"comment_status":"closed","ping_status":"closed","sticky":false,"template":"","format":"standard","meta":{"_acf_changed":false,"iawp_total_views":24,"footnotes":""},"categories":[1],"tags":[],"class_list":["post-7011","post","type-post","status-publish","format-standard","has-post-thumbnail","hentry","category-novice"],"acf":[],"yoast_head":"<!-- This site is optimized with the Yoast SEO plugin v27.8 - https:\/\/yoast.com\/product\/yoast-seo-wordpress\/ -->\n<title>Tretja zmaga ni bila na\u010drtovana - Tadej Poga\u010dar<\/title>\n<meta name=\"robots\" content=\"index, follow, max-snippet:-1, max-image-preview:large, max-video-preview:-1\" \/>\n<link rel=\"canonical\" href=\"https:\/\/tadejpogacar.com\/sl\/blog\/tretja-zmaga-ni-bila-nacrtovana\/\" \/>\n<meta property=\"og:locale\" content=\"sl_SI\" \/>\n<meta property=\"og:type\" content=\"article\" \/>\n<meta property=\"og:title\" content=\"Tretja zmaga ni bila na\u010drtovana - Tadej Poga\u010dar\" \/>\n<meta property=\"og:description\" content=\"Za Tadejem je izjemen uvod v 81. dirko po \u0160paniji, na kateri je v \u0161estih etapah slavil \u017ee tri zmage.\" \/>\n<meta property=\"og:url\" content=\"https:\/\/tadejpogacar.com\/sl\/blog\/tretja-zmaga-ni-bila-nacrtovana\/\" \/>\n<meta property=\"og:site_name\" content=\"Tadej Poga\u010dar\" \/>\n<meta property=\"article:publisher\" content=\"https:\/\/www.facebook.com\/Tadej-Pogaar-Brand-108786571960953\" \/>\n<meta property=\"article:published_time\" content=\"2026-08-27T17:49:07+00:00\" \/>\n<meta property=\"article:modified_time\" content=\"2026-08-28T09:42:53+00:00\" \/>\n<meta property=\"og:image\" content=\"https:\/\/tadejpogacar.com\/sl\/wp-content\/uploads\/sites\/3\/2026\/08\/Pogi-Vuelta-6.jpg\" \/>\n\t<meta property=\"og:image:width\" content=\"1638\" \/>\n\t<meta property=\"og:image:height\" content=\"2048\" \/>\n\t<meta property=\"og:image:type\" content=\"image\/jpeg\" \/>\n<meta name=\"author\" content=\"miha\" \/>\n<meta name=\"twitter:card\" content=\"summary_large_image\" \/>\n<meta name=\"twitter:creator\" content=\"@TamauPogi\" \/>\n<meta name=\"twitter:site\" content=\"@TamauPogi\" \/>\n<meta name=\"twitter:label1\" content=\"Written by\" \/>\n\t<meta name=\"twitter:data1\" content=\"miha\" \/>\n\t<meta name=\"twitter:label2\" content=\"Est. reading time\" \/>\n\t<meta name=\"twitter:data2\" content=\"3 minute\" \/>\n<script type=\"application\/ld+json\" class=\"yoast-schema-graph\">{\"@context\":\"https:\\\/\\\/schema.org\",\"@graph\":[{\"@type\":\"Article\",\"@id\":\"https:\\\/\\\/tadejpogacar.com\\\/sl\\\/blog\\\/tretja-zmaga-ni-bila-nacrtovana\\\/#article\",\"isPartOf\":{\"@id\":\"https:\\\/\\\/tadejpogacar.com\\\/sl\\\/blog\\\/tretja-zmaga-ni-bila-nacrtovana\\\/\"},\"author\":{\"name\":\"miha\",\"@id\":\"https:\\\/\\\/tadejpogacar.com\\\/sl\\\/#\\\/schema\\\/person\\\/fe142a194ce84b68b083d8af63afbd4f\"},\"headline\":\"Tretja zmaga ni bila na\u010drtovana\",\"datePublished\":\"2026-08-27T17:49:07+00:00\",\"dateModified\":\"2026-08-28T09:42:53+00:00\",\"mainEntityOfPage\":{\"@id\":\"https:\\\/\\\/tadejpogacar.com\\\/sl\\\/blog\\\/tretja-zmaga-ni-bila-nacrtovana\\\/\"},\"wordCount\":463,\"publisher\":{\"@id\":\"https:\\\/\\\/tadejpogacar.com\\\/sl\\\/#organization\"},\"image\":{\"@id\":\"https:\\\/\\\/tadejpogacar.com\\\/sl\\\/blog\\\/tretja-zmaga-ni-bila-nacrtovana\\\/#primaryimage\"},\"thumbnailUrl\":\"https:\\\/\\\/tadejpogacar.com\\\/sl\\\/wp-content\\\/uploads\\\/sites\\\/3\\\/2026\\\/08\\\/Pogi-Vuelta-6.jpg\",\"articleSection\":[\"Novice\"],\"inLanguage\":\"sl-SI\"},{\"@type\":\"WebPage\",\"@id\":\"https:\\\/\\\/tadejpogacar.com\\\/sl\\\/blog\\\/tretja-zmaga-ni-bila-nacrtovana\\\/\",\"url\":\"https:\\\/\\\/tadejpogacar.com\\\/sl\\\/blog\\\/tretja-zmaga-ni-bila-nacrtovana\\\/\",\"name\":\"Tretja zmaga ni bila na\u010drtovana - Tadej Poga\u010dar\",\"isPartOf\":{\"@id\":\"https:\\\/\\\/tadejpogacar.com\\\/sl\\\/#website\"},\"primaryImageOfPage\":{\"@id\":\"https:\\\/\\\/tadejpogacar.com\\\/sl\\\/blog\\\/tretja-zmaga-ni-bila-nacrtovana\\\/#primaryimage\"},\"image\":{\"@id\":\"https:\\\/\\\/tadejpogacar.com\\\/sl\\\/blog\\\/tretja-zmaga-ni-bila-nacrtovana\\\/#primaryimage\"},\"thumbnailUrl\":\"https:\\\/\\\/tadejpogacar.com\\\/sl\\\/wp-content\\\/uploads\\\/sites\\\/3\\\/2026\\\/08\\\/Pogi-Vuelta-6.jpg\",\"datePublished\":\"2026-08-27T17:49:07+00:00\",\"dateModified\":\"2026-08-28T09:42:53+00:00\",\"breadcrumb\":{\"@id\":\"https:\\\/\\\/tadejpogacar.com\\\/sl\\\/blog\\\/tretja-zmaga-ni-bila-nacrtovana\\\/#breadcrumb\"},\"inLanguage\":\"sl-SI\",\"potentialAction\":[{\"@type\":\"ReadAction\",\"target\":[\"https:\\\/\\\/tadejpogacar.com\\\/sl\\\/blog\\\/tretja-zmaga-ni-bila-nacrtovana\\\/\"]}]},{\"@type\":\"ImageObject\",\"inLanguage\":\"sl-SI\",\"@id\":\"https:\\\/\\\/tadejpogacar.com\\\/sl\\\/blog\\\/tretja-zmaga-ni-bila-nacrtovana\\\/#primaryimage\",\"url\":\"https:\\\/\\\/tadejpogacar.com\\\/sl\\\/wp-content\\\/uploads\\\/sites\\\/3\\\/2026\\\/08\\\/Pogi-Vuelta-6.jpg\",\"contentUrl\":\"https:\\\/\\\/tadejpogacar.com\\\/sl\\\/wp-content\\\/uploads\\\/sites\\\/3\\\/2026\\\/08\\\/Pogi-Vuelta-6.jpg\",\"width\":1638,\"height\":2048},{\"@type\":\"BreadcrumbList\",\"@id\":\"https:\\\/\\\/tadejpogacar.com\\\/sl\\\/blog\\\/tretja-zmaga-ni-bila-nacrtovana\\\/#breadcrumb\",\"itemListElement\":[{\"@type\":\"ListItem\",\"position\":1,\"name\":\"Home\",\"item\":\"https:\\\/\\\/tadejpogacar.com\\\/sl\\\/\"},{\"@type\":\"ListItem\",\"position\":2,\"name\":\"Tretja zmaga ni bila na\u010drtovana\"}]},{\"@type\":\"WebSite\",\"@id\":\"https:\\\/\\\/tadejpogacar.com\\\/sl\\\/#website\",\"url\":\"https:\\\/\\\/tadejpogacar.com\\\/sl\\\/\",\"name\":\"Tadej Poga\u010dar\",\"description\":\"Uradna spletna stran\",\"publisher\":{\"@id\":\"https:\\\/\\\/tadejpogacar.com\\\/sl\\\/#organization\"},\"potentialAction\":[{\"@type\":\"SearchAction\",\"target\":{\"@type\":\"EntryPoint\",\"urlTemplate\":\"https:\\\/\\\/tadejpogacar.com\\\/sl\\\/?s={search_term_string}\"},\"query-input\":{\"@type\":\"PropertyValueSpecification\",\"valueRequired\":true,\"valueName\":\"search_term_string\"}}],\"inLanguage\":\"sl-SI\"},{\"@type\":\"Organization\",\"@id\":\"https:\\\/\\\/tadejpogacar.com\\\/sl\\\/#organization\",\"name\":\"Na klancu d.o.o.\",\"url\":\"https:\\\/\\\/tadejpogacar.com\\\/sl\\\/\",\"logo\":{\"@type\":\"ImageObject\",\"inLanguage\":\"sl-SI\",\"@id\":\"https:\\\/\\\/tadejpogacar.com\\\/sl\\\/#\\\/schema\\\/logo\\\/image\\\/\",\"url\":\"https:\\\/\\\/tadejpogacar.com\\\/sl\\\/wp-content\\\/uploads\\\/sites\\\/3\\\/2024\\\/08\\\/TadejPogacar.webp\",\"contentUrl\":\"https:\\\/\\\/tadejpogacar.com\\\/sl\\\/wp-content\\\/uploads\\\/sites\\\/3\\\/2024\\\/08\\\/TadejPogacar.webp\",\"width\":300,\"height\":68,\"caption\":\"Na klancu d.o.o.\"},\"image\":{\"@id\":\"https:\\\/\\\/tadejpogacar.com\\\/sl\\\/#\\\/schema\\\/logo\\\/image\\\/\"},\"sameAs\":[\"https:\\\/\\\/www.facebook.com\\\/Tadej-Pogaar-Brand-108786571960953\",\"https:\\\/\\\/x.com\\\/TamauPogi\",\"https:\\\/\\\/www.instagram.com\\\/tadejpogacar\\\/\",\"https:\\\/\\\/www.youtube.com\\\/c\\\/TadejPogacarOfficial\\\/videos\"]},{\"@type\":\"Person\",\"@id\":\"https:\\\/\\\/tadejpogacar.com\\\/sl\\\/#\\\/schema\\\/person\\\/fe142a194ce84b68b083d8af63afbd4f\",\"name\":\"miha\",\"image\":{\"@type\":\"ImageObject\",\"inLanguage\":\"sl-SI\",\"@id\":\"https:\\\/\\\/secure.gravatar.com\\\/avatar\\\/af93e829a77aef260157fcd424e42411a045467d8199a8f88d0b2cdeb17e056c?s=96&d=mm&r=g\",\"url\":\"https:\\\/\\\/secure.gravatar.com\\\/avatar\\\/af93e829a77aef260157fcd424e42411a045467d8199a8f88d0b2cdeb17e056c?s=96&d=mm&r=g\",\"contentUrl\":\"https:\\\/\\\/secure.gravatar.com\\\/avatar\\\/af93e829a77aef260157fcd424e42411a045467d8199a8f88d0b2cdeb17e056c?s=96&d=mm&r=g\",\"caption\":\"miha\"},\"url\":\"https:\\\/\\\/tadejpogacar.com\\\/sl\\\/blog\\\/author\\\/miha\\\/\"}]}<\/script>\n<!-- \/ Yoast SEO plugin. -->","yoast_head_json":{"title":"Tretja zmaga ni bila na\u010drtovana - Tadej Poga\u010dar","robots":{"index":"index","follow":"follow","max-snippet":"max-snippet:-1","max-image-preview":"max-image-preview:large","max-video-preview":"max-video-preview:-1"},"canonical":"https:\/\/tadejpogacar.com\/sl\/blog\/tretja-zmaga-ni-bila-nacrtovana\/","og_locale":"sl_SI","og_type":"article","og_title":"Tretja zmaga ni bila na\u010drtovana - Tadej Poga\u010dar","og_description":"Za Tadejem je izjemen uvod v 81. dirko po \u0160paniji, na kateri je v \u0161estih etapah slavil \u017ee tri zmage.","og_url":"https:\/\/tadejpogacar.com\/sl\/blog\/tretja-zmaga-ni-bila-nacrtovana\/","og_site_name":"Tadej Poga\u010dar","article_publisher":"https:\/\/www.facebook.com\/Tadej-Pogaar-Brand-108786571960953","article_published_time":"2026-08-27T17:49:07+00:00","article_modified_time":"2026-08-28T09:42:53+00:00","og_image":[{"width":1638,"height":2048,"url":"https:\/\/tadejpogacar.com\/sl\/wp-content\/uploads\/sites\/3\/2026\/08\/Pogi-Vuelta-6.jpg","type":"image\/jpeg"}],"author":"miha","twitter_card":"summary_large_image","twitter_creator":"@TamauPogi","twitter_site":"@TamauPogi","twitter_misc":{"Written by":"miha","Est. reading time":"3 minute"},"schema":{"@context":"https:\/\/schema.org","@graph":[{"@type":"Article","@id":"https:\/\/tadejpogacar.com\/sl\/blog\/tretja-zmaga-ni-bila-nacrtovana\/#article","isPartOf":{"@id":"https:\/\/tadejpogacar.com\/sl\/blog\/tretja-zmaga-ni-bila-nacrtovana\/"},"author":{"name":"miha","@id":"https:\/\/tadejpogacar.com\/sl\/#\/schema\/person\/fe142a194ce84b68b083d8af63afbd4f"},"headline":"Tretja zmaga ni bila na\u010drtovana","datePublished":"2026-08-27T17:49:07+00:00","dateModified":"2026-08-28T09:42:53+00:00","mainEntityOfPage":{"@id":"https:\/\/tadejpogacar.com\/sl\/blog\/tretja-zmaga-ni-bila-nacrtovana\/"},"wordCount":463,"publisher":{"@id":"https:\/\/tadejpogacar.com\/sl\/#organization"},"image":{"@id":"https:\/\/tadejpogacar.com\/sl\/blog\/tretja-zmaga-ni-bila-nacrtovana\/#primaryimage"},"thumbnailUrl":"https:\/\/tadejpogacar.com\/sl\/wp-content\/uploads\/sites\/3\/2026\/08\/Pogi-Vuelta-6.jpg","articleSection":["Novice"],"inLanguage":"sl-SI"},{"@type":"WebPage","@id":"https:\/\/tadejpogacar.com\/sl\/blog\/tretja-zmaga-ni-bila-nacrtovana\/","url":"https:\/\/tadejpogacar.com\/sl\/blog\/tretja-zmaga-ni-bila-nacrtovana\/","name":"Tretja zmaga ni bila na\u010drtovana - Tadej Poga\u010dar","isPartOf":{"@id":"https:\/\/tadejpogacar.com\/sl\/#website"},"primaryImageOfPage":{"@id":"https:\/\/tadejpogacar.com\/sl\/blog\/tretja-zmaga-ni-bila-nacrtovana\/#primaryimage"},"image":{"@id":"https:\/\/tadejpogacar.com\/sl\/blog\/tretja-zmaga-ni-bila-nacrtovana\/#primaryimage"},"thumbnailUrl":"https:\/\/tadejpogacar.com\/sl\/wp-content\/uploads\/sites\/3\/2026\/08\/Pogi-Vuelta-6.jpg","datePublished":"2026-08-27T17:49:07+00:00","dateModified":"2026-08-28T09:42:53+00:00","breadcrumb":{"@id":"https:\/\/tadejpogacar.com\/sl\/blog\/tretja-zmaga-ni-bila-nacrtovana\/#breadcrumb"},"inLanguage":"sl-SI","potentialAction":[{"@type":"ReadAction","target":["https:\/\/tadejpogacar.com\/sl\/blog\/tretja-zmaga-ni-bila-nacrtovana\/"]}]},{"@type":"ImageObject","inLanguage":"sl-SI","@id":"https:\/\/tadejpogacar.com\/sl\/blog\/tretja-zmaga-ni-bila-nacrtovana\/#primaryimage","url":"https:\/\/tadejpogacar.com\/sl\/wp-content\/uploads\/sites\/3\/2026\/08\/Pogi-Vuelta-6.jpg","contentUrl":"https:\/\/tadejpogacar.com\/sl\/wp-content\/uploads\/sites\/3\/2026\/08\/Pogi-Vuelta-6.jpg","width":1638,"height":2048},{"@type":"BreadcrumbList","@id":"https:\/\/tadejpogacar.com\/sl\/blog\/tretja-zmaga-ni-bila-nacrtovana\/#breadcrumb","itemListElement":[{"@type":"ListItem","position":1,"name":"Home","item":"https:\/\/tadejpogacar.com\/sl\/"},{"@type":"ListItem","position":2,"name":"Tretja zmaga ni bila na\u010drtovana"}]},{"@type":"WebSite","@id":"https:\/\/tadejpogacar.com\/sl\/#website","url":"https:\/\/tadejpogacar.com\/sl\/","name":"Tadej Poga\u010dar","description":"Uradna spletna stran","publisher":{"@id":"https:\/\/tadejpogacar.com\/sl\/#organization"},"potentialAction":[{"@type":"SearchAction","target":{"@type":"EntryPoint","urlTemplate":"https:\/\/tadejpogacar.com\/sl\/?s={search_term_string}"},"query-input":{"@type":"PropertyValueSpecification","valueRequired":true,"valueName":"search_term_string"}}],"inLanguage":"sl-SI"},{"@type":"Organization","@id":"https:\/\/tadejpogacar.com\/sl\/#organization","name":"Na klancu d.o.o.","url":"https:\/\/tadejpogacar.com\/sl\/","logo":{"@type":"ImageObject","inLanguage":"sl-SI","@id":"https:\/\/tadejpogacar.com\/sl\/#\/schema\/logo\/image\/","url":"https:\/\/tadejpogacar.com\/sl\/wp-content\/uploads\/sites\/3\/2024\/08\/TadejPogacar.webp","contentUrl":"https:\/\/tadejpogacar.com\/sl\/wp-content\/uploads\/sites\/3\/2024\/08\/TadejPogacar.webp","width":300,"height":68,"caption":"Na klancu d.o.o."},"image":{"@id":"https:\/\/tadejpogacar.com\/sl\/#\/schema\/logo\/image\/"},"sameAs":["https:\/\/www.facebook.com\/Tadej-Pogaar-Brand-108786571960953","https:\/\/x.com\/TamauPogi","https:\/\/www.instagram.com\/tadejpogacar\/","https:\/\/www.youtube.com\/c\/TadejPogacarOfficial\/videos"]},{"@type":"Person","@id":"https:\/\/tadejpogacar.com\/sl\/#\/schema\/person\/fe142a194ce84b68b083d8af63afbd4f","name":"miha","image":{"@type":"ImageObject","inLanguage":"sl-SI","@id":"https:\/\/secure.gravatar.com\/avatar\/af93e829a77aef260157fcd424e42411a045467d8199a8f88d0b2cdeb17e056c?s=96&d=mm&r=g","url":"https:\/\/secure.gravatar.com\/avatar\/af93e829a77aef260157fcd424e42411a045467d8199a8f88d0b2cdeb17e056c?s=96&d=mm&r=g","contentUrl":"https:\/\/secure.gravatar.com\/avatar\/af93e829a77aef260157fcd424e42411a045467d8199a8f88d0b2cdeb17e056c?s=96&d=mm&r=g","caption":"miha"},"url":"https:\/\/tadejpogacar.com\/sl\/blog\/author\/miha\/"}]}},"_links":{"self":[{"href":"https:\/\/tadejpogacar.com\/sl\/wp-json\/wp\/v2\/posts\/7011","targetHints":{"allow":["GET"]}}],"collection":[{"href":"https:\/\/tadejpogacar.com\/sl\/wp-json\/wp\/v2\/posts"}],"about":[{"href":"https:\/\/tadejpogacar.com\/sl\/wp-json\/wp\/v2\/types\/post"}],"author":[{"embeddable":true,"href":"https:\/\/tadejpogacar.com\/sl\/wp-json\/wp\/v2\/users\/1094"}],"replies":[{"embeddable":true,"href":"https:\/\/tadejpogacar.com\/sl\/wp-json\/wp\/v2\/comments?post=7011"}],"version-history":[{"count":2,"href":"https:\/\/tadejpogacar.com\/sl\/wp-json\/wp\/v2\/posts\/7011\/revisions"}],"predecessor-version":[{"id":7015,"href":"https:\/\/tadejpogacar.com\/sl\/wp-json\/wp\/v2\/posts\/7011\/revisions\/7015"}],"wp:featuredmedia":[{"embeddable":true,"href":"https:\/\/tadejpogacar.com\/sl\/wp-json\/wp\/v2\/media\/7013"}],"wp:attachment":[{"href":"https:\/\/tadejpogacar.com\/sl\/wp-json\/wp\/v2\/media?parent=7011"}],"wp:term":[{"taxonomy":"category","embeddable":true,"href":"https:\/\/tadejpogacar.com\/sl\/wp-json\/wp\/v2\/categories?post=7011"},{"taxonomy":"post_tag","embeddable":true,"href":"https:\/\/tadejpogacar.com\/sl\/wp-json\/wp\/v2\/tags?post=7011"}],"curies":[{"name":"wp","href":"https:\/\/api.w.org\/{rel}","templated":true}]}}