{"id":6999,"date":"2026-08-25T19:43:23","date_gmt":"2026-08-25T17:43:23","guid":{"rendered":"https:\/\/tadejpogacar.com\/sl\/?p=6999"},"modified":"2026-08-25T19:43:24","modified_gmt":"2026-08-25T17:43:24","slug":"tadej-bo-spet-imel-lepe-spomine-na-andoro","status":"publish","type":"post","link":"https:\/\/tadejpogacar.com\/sl\/blog\/tadej-bo-spet-imel-lepe-spomine-na-andoro\/","title":{"rendered":"Tadej bo spet imel lepe spomine na Andoro"},"content":{"rendered":"\n<p class=\"wp-block-paragraph\">V 4. etapi dirke po \u0160paniji je Tadej uprizoril \u0161e eno izjemno predstavo. Kratko, a zelo zahtevno preizku\u0161njo, v kateri je moral peloton v 104,8 kilometra premagati 3000 vi\u0161inskih metrov, je dobil, potem ko je napadel 50,3 kilometra pred ciljem. Na andorskih vzponih, na katerih si je leta 2019 v 9. etapi Vuelte prikolesaril prvo etapno zmago na tritedenskih dirkah, je spet zablestel.<\/p>\n\n\n\n<p class=\"wp-block-paragraph\">Potem ko so njegovi mo\u0161tveni kolegi iz ekipe UAE Team Emirates \u2013 XRG vlo\u017eili veliko energije v lovu na ube\u017enike, se je na vzponu na Collado de Beixals otresel vseh tekmecev. Nato pa si je pred ciljem v Andorri la Velli na vzponih na Coll d&#8217;Ordino in Alto de La Comella prikolesaril prednost 2:39 pred prvimi zasledovalci.<\/p>\n\n\n\n<p class=\"wp-block-paragraph\">\u00bbNi mi bilo treba storiti tega, a \u017ee na prvem vzponu je bil tempo izjemno visok. Na drugem klancu smo \u0161li malodane na vso mo\u010d od vzno\u017eja. Ko me je Jay Vine spustil mimo za kolesarje Decathlona, sem vedel, da no\u010dem ostati sam proti \u0161tevilnim tekmecem, ki so \u0161e bili tam, saj bi mi to povzro\u010dilo te\u017eave. Poskusil sem z napadom na vzponu. Upal sem, da bom pre\u017eivel do cilja. Nato sem videl, da lahko naredim razliko, danes je bilo te\u017eko, ampak tudi zelo lepo,\u00ab je Tadej povedal v cilju.<\/p>\n\n\n\n<p class=\"wp-block-paragraph\">To je bil njegov najdalj\u0161i samostojni napad na tritedenskih dirkah, prvi\u010d pa je tudi slavil zmago v rde\u010di majici vodilnega na Vuelti, na kateri njegova prednost pred drugouvr\u0161\u010denim Primo\u017eem Rogli\u010dem (Red Bull Bora Hansgrohe) zdaj zna\u0161a 3:21. Enric Mas (Movistar) na 3. mestu zaostaja 3:32.<\/p>\n\n\n\n<p class=\"wp-block-paragraph\">\u00bbKakr\u0161nakoli prednost bi bila dovolj, sedanja je izjemno dobra. Lahko sem miren in samozavesten v naslednjih dneh. Gremo naprej dan za dnem, osredoto\u010dili se bomo na vsak naslednji dan, gotovo pa bo nekoliko manj stresno kot doslej,\u00ab je Tadej dodal po svoji 21. leto\u0161nji in 129. zmagi v karieri.<\/p>\n\n\n\n<p class=\"wp-block-paragraph\">\u00bbNikoli si nisem predstavljal, da bom tako dirkal. Iz prvega obiska Andore imam izjemno lepe spomine, to je bil eden od najljub\u0161ih trenutkov v moji karieri, tega ne bom pozabil nikoli,\u00ab je Tadej priznal, da leta 2019 ni pri\u010dakoval, da bo postal najbolj\u0161i kolesar na svetu.<\/p>\n\n\n\n<p class=\"wp-block-paragraph\">Potem ko je julija slavil svojo peto zmago na Touru, na Vuelti lovi svojo prvo, s katero bi postal deveti kolesar v zgodovini z zmagami na vseh treh tritedenskih dirkah. Na leto\u0161nji dirki po \u0160paniji pa bi, potem ko je slavil zmago \u017ee na uvodni vo\u017enji na \u010das v Monaku, lahko prvi\u010d v karieri na tritedenski dirki od prve do zadnje etape nosil majico vodilnega. \u00bbNikoli ne ve\u0161, prednost je zdaj ob\u010dutna, dali bomo vse od sebe, da bomo nadzorovali dogajanje na dirki vsak dan, \u010de to ne bo mogo\u010de, pa se bomo borili. Zahtevno bo, vendar imamo zelo mo\u010dno ekipo, pripravljeni smo,\u00ab je \u0161e povedal Tadej.<\/p>\n\n\n\n<p class=\"wp-block-paragraph\">Jutri ga \u010daka prva \u0161panska etapa leto\u0161nje Vuelte, ki bo zanj br\u017ekone bolj umirjena, saj je v 5. etapi pri\u010dakovati boj me ube\u017eniki in ekipami najbolj\u0161ih \u0161printerjev.<\/p>\n","protected":false},"excerpt":{"rendered":"<p>V 4. etapi dirke po \u0160paniji je Tadej uprizoril \u0161e eno izjemno predstavo. Kratko, a zelo zahtevno preizku\u0161njo, v kateri<\/p>\n","protected":false},"author":1094,"featured_media":7001,"comment_status":"closed","ping_status":"closed","sticky":false,"template":"","format":"standard","meta":{"_acf_changed":false,"iawp_total_views":13,"footnotes":""},"categories":[1],"tags":[],"class_list":["post-6999","post","type-post","status-publish","format-standard","has-post-thumbnail","hentry","category-novice"],"acf":[],"yoast_head":"<!-- This site is optimized with the Yoast SEO plugin v27.8 - https:\/\/yoast.com\/product\/yoast-seo-wordpress\/ -->\n<title>Tadej bo spet imel lepe spomine na Andoro - Tadej Poga\u010dar<\/title>\n<meta name=\"robots\" content=\"index, follow, max-snippet:-1, max-image-preview:large, max-video-preview:-1\" \/>\n<link rel=\"canonical\" href=\"https:\/\/tadejpogacar.com\/sl\/blog\/tadej-bo-spet-imel-lepe-spomine-na-andoro\/\" \/>\n<meta property=\"og:locale\" content=\"sl_SI\" \/>\n<meta property=\"og:type\" content=\"article\" \/>\n<meta property=\"og:title\" content=\"Tadej bo spet imel lepe spomine na Andoro - Tadej Poga\u010dar\" \/>\n<meta property=\"og:description\" content=\"V 4. etapi dirke po \u0160paniji je Tadej uprizoril \u0161e eno izjemno predstavo. Kratko, a zelo zahtevno preizku\u0161njo, v kateri\" \/>\n<meta property=\"og:url\" content=\"https:\/\/tadejpogacar.com\/sl\/blog\/tadej-bo-spet-imel-lepe-spomine-na-andoro\/\" \/>\n<meta property=\"og:site_name\" content=\"Tadej Poga\u010dar\" \/>\n<meta property=\"article:publisher\" content=\"https:\/\/www.facebook.com\/Tadej-Pogaar-Brand-108786571960953\" \/>\n<meta property=\"article:published_time\" content=\"2026-08-25T17:43:23+00:00\" \/>\n<meta property=\"article:modified_time\" content=\"2026-08-25T17:43:24+00:00\" \/>\n<meta property=\"og:image\" content=\"https:\/\/tadejpogacar.com\/sl\/wp-content\/uploads\/sites\/3\/2026\/08\/Pogi-Andora.jpg\" \/>\n\t<meta property=\"og:image:width\" content=\"1638\" \/>\n\t<meta property=\"og:image:height\" content=\"2048\" \/>\n\t<meta property=\"og:image:type\" content=\"image\/jpeg\" \/>\n<meta name=\"author\" content=\"miha\" \/>\n<meta name=\"twitter:card\" content=\"summary_large_image\" \/>\n<meta name=\"twitter:creator\" content=\"@TamauPogi\" \/>\n<meta name=\"twitter:site\" content=\"@TamauPogi\" \/>\n<meta name=\"twitter:label1\" content=\"Written by\" \/>\n\t<meta name=\"twitter:data1\" content=\"miha\" \/>\n\t<meta name=\"twitter:label2\" content=\"Est. reading time\" \/>\n\t<meta name=\"twitter:data2\" content=\"3 minute\" \/>\n<script type=\"application\/ld+json\" class=\"yoast-schema-graph\">{\"@context\":\"https:\\\/\\\/schema.org\",\"@graph\":[{\"@type\":\"Article\",\"@id\":\"https:\\\/\\\/tadejpogacar.com\\\/sl\\\/blog\\\/tadej-bo-spet-imel-lepe-spomine-na-andoro\\\/#article\",\"isPartOf\":{\"@id\":\"https:\\\/\\\/tadejpogacar.com\\\/sl\\\/blog\\\/tadej-bo-spet-imel-lepe-spomine-na-andoro\\\/\"},\"author\":{\"name\":\"miha\",\"@id\":\"https:\\\/\\\/tadejpogacar.com\\\/sl\\\/#\\\/schema\\\/person\\\/fe142a194ce84b68b083d8af63afbd4f\"},\"headline\":\"Tadej bo spet imel lepe spomine na Andoro\",\"datePublished\":\"2026-08-25T17:43:23+00:00\",\"dateModified\":\"2026-08-25T17:43:24+00:00\",\"mainEntityOfPage\":{\"@id\":\"https:\\\/\\\/tadejpogacar.com\\\/sl\\\/blog\\\/tadej-bo-spet-imel-lepe-spomine-na-andoro\\\/\"},\"wordCount\":511,\"publisher\":{\"@id\":\"https:\\\/\\\/tadejpogacar.com\\\/sl\\\/#organization\"},\"image\":{\"@id\":\"https:\\\/\\\/tadejpogacar.com\\\/sl\\\/blog\\\/tadej-bo-spet-imel-lepe-spomine-na-andoro\\\/#primaryimage\"},\"thumbnailUrl\":\"https:\\\/\\\/tadejpogacar.com\\\/sl\\\/wp-content\\\/uploads\\\/sites\\\/3\\\/2026\\\/08\\\/Pogi-Andora.jpg\",\"articleSection\":[\"Novice\"],\"inLanguage\":\"sl-SI\"},{\"@type\":\"WebPage\",\"@id\":\"https:\\\/\\\/tadejpogacar.com\\\/sl\\\/blog\\\/tadej-bo-spet-imel-lepe-spomine-na-andoro\\\/\",\"url\":\"https:\\\/\\\/tadejpogacar.com\\\/sl\\\/blog\\\/tadej-bo-spet-imel-lepe-spomine-na-andoro\\\/\",\"name\":\"Tadej bo spet imel lepe spomine na Andoro - Tadej Poga\u010dar\",\"isPartOf\":{\"@id\":\"https:\\\/\\\/tadejpogacar.com\\\/sl\\\/#website\"},\"primaryImageOfPage\":{\"@id\":\"https:\\\/\\\/tadejpogacar.com\\\/sl\\\/blog\\\/tadej-bo-spet-imel-lepe-spomine-na-andoro\\\/#primaryimage\"},\"image\":{\"@id\":\"https:\\\/\\\/tadejpogacar.com\\\/sl\\\/blog\\\/tadej-bo-spet-imel-lepe-spomine-na-andoro\\\/#primaryimage\"},\"thumbnailUrl\":\"https:\\\/\\\/tadejpogacar.com\\\/sl\\\/wp-content\\\/uploads\\\/sites\\\/3\\\/2026\\\/08\\\/Pogi-Andora.jpg\",\"datePublished\":\"2026-08-25T17:43:23+00:00\",\"dateModified\":\"2026-08-25T17:43:24+00:00\",\"breadcrumb\":{\"@id\":\"https:\\\/\\\/tadejpogacar.com\\\/sl\\\/blog\\\/tadej-bo-spet-imel-lepe-spomine-na-andoro\\\/#breadcrumb\"},\"inLanguage\":\"sl-SI\",\"potentialAction\":[{\"@type\":\"ReadAction\",\"target\":[\"https:\\\/\\\/tadejpogacar.com\\\/sl\\\/blog\\\/tadej-bo-spet-imel-lepe-spomine-na-andoro\\\/\"]}]},{\"@type\":\"ImageObject\",\"inLanguage\":\"sl-SI\",\"@id\":\"https:\\\/\\\/tadejpogacar.com\\\/sl\\\/blog\\\/tadej-bo-spet-imel-lepe-spomine-na-andoro\\\/#primaryimage\",\"url\":\"https:\\\/\\\/tadejpogacar.com\\\/sl\\\/wp-content\\\/uploads\\\/sites\\\/3\\\/2026\\\/08\\\/Pogi-Andora.jpg\",\"contentUrl\":\"https:\\\/\\\/tadejpogacar.com\\\/sl\\\/wp-content\\\/uploads\\\/sites\\\/3\\\/2026\\\/08\\\/Pogi-Andora.jpg\",\"width\":1638,\"height\":2048},{\"@type\":\"BreadcrumbList\",\"@id\":\"https:\\\/\\\/tadejpogacar.com\\\/sl\\\/blog\\\/tadej-bo-spet-imel-lepe-spomine-na-andoro\\\/#breadcrumb\",\"itemListElement\":[{\"@type\":\"ListItem\",\"position\":1,\"name\":\"Home\",\"item\":\"https:\\\/\\\/tadejpogacar.com\\\/sl\\\/\"},{\"@type\":\"ListItem\",\"position\":2,\"name\":\"Tadej bo spet imel lepe spomine na Andoro\"}]},{\"@type\":\"WebSite\",\"@id\":\"https:\\\/\\\/tadejpogacar.com\\\/sl\\\/#website\",\"url\":\"https:\\\/\\\/tadejpogacar.com\\\/sl\\\/\",\"name\":\"Tadej Poga\u010dar\",\"description\":\"Uradna spletna stran\",\"publisher\":{\"@id\":\"https:\\\/\\\/tadejpogacar.com\\\/sl\\\/#organization\"},\"potentialAction\":[{\"@type\":\"SearchAction\",\"target\":{\"@type\":\"EntryPoint\",\"urlTemplate\":\"https:\\\/\\\/tadejpogacar.com\\\/sl\\\/?s={search_term_string}\"},\"query-input\":{\"@type\":\"PropertyValueSpecification\",\"valueRequired\":true,\"valueName\":\"search_term_string\"}}],\"inLanguage\":\"sl-SI\"},{\"@type\":\"Organization\",\"@id\":\"https:\\\/\\\/tadejpogacar.com\\\/sl\\\/#organization\",\"name\":\"Na klancu d.o.o.\",\"url\":\"https:\\\/\\\/tadejpogacar.com\\\/sl\\\/\",\"logo\":{\"@type\":\"ImageObject\",\"inLanguage\":\"sl-SI\",\"@id\":\"https:\\\/\\\/tadejpogacar.com\\\/sl\\\/#\\\/schema\\\/logo\\\/image\\\/\",\"url\":\"https:\\\/\\\/tadejpogacar.com\\\/sl\\\/wp-content\\\/uploads\\\/sites\\\/3\\\/2024\\\/08\\\/TadejPogacar.webp\",\"contentUrl\":\"https:\\\/\\\/tadejpogacar.com\\\/sl\\\/wp-content\\\/uploads\\\/sites\\\/3\\\/2024\\\/08\\\/TadejPogacar.webp\",\"width\":300,\"height\":68,\"caption\":\"Na klancu d.o.o.\"},\"image\":{\"@id\":\"https:\\\/\\\/tadejpogacar.com\\\/sl\\\/#\\\/schema\\\/logo\\\/image\\\/\"},\"sameAs\":[\"https:\\\/\\\/www.facebook.com\\\/Tadej-Pogaar-Brand-108786571960953\",\"https:\\\/\\\/x.com\\\/TamauPogi\",\"https:\\\/\\\/www.instagram.com\\\/tadejpogacar\\\/\",\"https:\\\/\\\/www.youtube.com\\\/c\\\/TadejPogacarOfficial\\\/videos\"]},{\"@type\":\"Person\",\"@id\":\"https:\\\/\\\/tadejpogacar.com\\\/sl\\\/#\\\/schema\\\/person\\\/fe142a194ce84b68b083d8af63afbd4f\",\"name\":\"miha\",\"image\":{\"@type\":\"ImageObject\",\"inLanguage\":\"sl-SI\",\"@id\":\"https:\\\/\\\/secure.gravatar.com\\\/avatar\\\/af93e829a77aef260157fcd424e42411a045467d8199a8f88d0b2cdeb17e056c?s=96&d=mm&r=g\",\"url\":\"https:\\\/\\\/secure.gravatar.com\\\/avatar\\\/af93e829a77aef260157fcd424e42411a045467d8199a8f88d0b2cdeb17e056c?s=96&d=mm&r=g\",\"contentUrl\":\"https:\\\/\\\/secure.gravatar.com\\\/avatar\\\/af93e829a77aef260157fcd424e42411a045467d8199a8f88d0b2cdeb17e056c?s=96&d=mm&r=g\",\"caption\":\"miha\"},\"url\":\"https:\\\/\\\/tadejpogacar.com\\\/sl\\\/blog\\\/author\\\/miha\\\/\"}]}<\/script>\n<!-- \/ Yoast SEO plugin. -->","yoast_head_json":{"title":"Tadej bo spet imel lepe spomine na Andoro - Tadej Poga\u010dar","robots":{"index":"index","follow":"follow","max-snippet":"max-snippet:-1","max-image-preview":"max-image-preview:large","max-video-preview":"max-video-preview:-1"},"canonical":"https:\/\/tadejpogacar.com\/sl\/blog\/tadej-bo-spet-imel-lepe-spomine-na-andoro\/","og_locale":"sl_SI","og_type":"article","og_title":"Tadej bo spet imel lepe spomine na Andoro - Tadej Poga\u010dar","og_description":"V 4. etapi dirke po \u0160paniji je Tadej uprizoril \u0161e eno izjemno predstavo. Kratko, a zelo zahtevno preizku\u0161njo, v kateri","og_url":"https:\/\/tadejpogacar.com\/sl\/blog\/tadej-bo-spet-imel-lepe-spomine-na-andoro\/","og_site_name":"Tadej Poga\u010dar","article_publisher":"https:\/\/www.facebook.com\/Tadej-Pogaar-Brand-108786571960953","article_published_time":"2026-08-25T17:43:23+00:00","article_modified_time":"2026-08-25T17:43:24+00:00","og_image":[{"width":1638,"height":2048,"url":"https:\/\/tadejpogacar.com\/sl\/wp-content\/uploads\/sites\/3\/2026\/08\/Pogi-Andora.jpg","type":"image\/jpeg"}],"author":"miha","twitter_card":"summary_large_image","twitter_creator":"@TamauPogi","twitter_site":"@TamauPogi","twitter_misc":{"Written by":"miha","Est. reading time":"3 minute"},"schema":{"@context":"https:\/\/schema.org","@graph":[{"@type":"Article","@id":"https:\/\/tadejpogacar.com\/sl\/blog\/tadej-bo-spet-imel-lepe-spomine-na-andoro\/#article","isPartOf":{"@id":"https:\/\/tadejpogacar.com\/sl\/blog\/tadej-bo-spet-imel-lepe-spomine-na-andoro\/"},"author":{"name":"miha","@id":"https:\/\/tadejpogacar.com\/sl\/#\/schema\/person\/fe142a194ce84b68b083d8af63afbd4f"},"headline":"Tadej bo spet imel lepe spomine na Andoro","datePublished":"2026-08-25T17:43:23+00:00","dateModified":"2026-08-25T17:43:24+00:00","mainEntityOfPage":{"@id":"https:\/\/tadejpogacar.com\/sl\/blog\/tadej-bo-spet-imel-lepe-spomine-na-andoro\/"},"wordCount":511,"publisher":{"@id":"https:\/\/tadejpogacar.com\/sl\/#organization"},"image":{"@id":"https:\/\/tadejpogacar.com\/sl\/blog\/tadej-bo-spet-imel-lepe-spomine-na-andoro\/#primaryimage"},"thumbnailUrl":"https:\/\/tadejpogacar.com\/sl\/wp-content\/uploads\/sites\/3\/2026\/08\/Pogi-Andora.jpg","articleSection":["Novice"],"inLanguage":"sl-SI"},{"@type":"WebPage","@id":"https:\/\/tadejpogacar.com\/sl\/blog\/tadej-bo-spet-imel-lepe-spomine-na-andoro\/","url":"https:\/\/tadejpogacar.com\/sl\/blog\/tadej-bo-spet-imel-lepe-spomine-na-andoro\/","name":"Tadej bo spet imel lepe spomine na Andoro - Tadej Poga\u010dar","isPartOf":{"@id":"https:\/\/tadejpogacar.com\/sl\/#website"},"primaryImageOfPage":{"@id":"https:\/\/tadejpogacar.com\/sl\/blog\/tadej-bo-spet-imel-lepe-spomine-na-andoro\/#primaryimage"},"image":{"@id":"https:\/\/tadejpogacar.com\/sl\/blog\/tadej-bo-spet-imel-lepe-spomine-na-andoro\/#primaryimage"},"thumbnailUrl":"https:\/\/tadejpogacar.com\/sl\/wp-content\/uploads\/sites\/3\/2026\/08\/Pogi-Andora.jpg","datePublished":"2026-08-25T17:43:23+00:00","dateModified":"2026-08-25T17:43:24+00:00","breadcrumb":{"@id":"https:\/\/tadejpogacar.com\/sl\/blog\/tadej-bo-spet-imel-lepe-spomine-na-andoro\/#breadcrumb"},"inLanguage":"sl-SI","potentialAction":[{"@type":"ReadAction","target":["https:\/\/tadejpogacar.com\/sl\/blog\/tadej-bo-spet-imel-lepe-spomine-na-andoro\/"]}]},{"@type":"ImageObject","inLanguage":"sl-SI","@id":"https:\/\/tadejpogacar.com\/sl\/blog\/tadej-bo-spet-imel-lepe-spomine-na-andoro\/#primaryimage","url":"https:\/\/tadejpogacar.com\/sl\/wp-content\/uploads\/sites\/3\/2026\/08\/Pogi-Andora.jpg","contentUrl":"https:\/\/tadejpogacar.com\/sl\/wp-content\/uploads\/sites\/3\/2026\/08\/Pogi-Andora.jpg","width":1638,"height":2048},{"@type":"BreadcrumbList","@id":"https:\/\/tadejpogacar.com\/sl\/blog\/tadej-bo-spet-imel-lepe-spomine-na-andoro\/#breadcrumb","itemListElement":[{"@type":"ListItem","position":1,"name":"Home","item":"https:\/\/tadejpogacar.com\/sl\/"},{"@type":"ListItem","position":2,"name":"Tadej bo spet imel lepe spomine na Andoro"}]},{"@type":"WebSite","@id":"https:\/\/tadejpogacar.com\/sl\/#website","url":"https:\/\/tadejpogacar.com\/sl\/","name":"Tadej Poga\u010dar","description":"Uradna spletna stran","publisher":{"@id":"https:\/\/tadejpogacar.com\/sl\/#organization"},"potentialAction":[{"@type":"SearchAction","target":{"@type":"EntryPoint","urlTemplate":"https:\/\/tadejpogacar.com\/sl\/?s={search_term_string}"},"query-input":{"@type":"PropertyValueSpecification","valueRequired":true,"valueName":"search_term_string"}}],"inLanguage":"sl-SI"},{"@type":"Organization","@id":"https:\/\/tadejpogacar.com\/sl\/#organization","name":"Na klancu d.o.o.","url":"https:\/\/tadejpogacar.com\/sl\/","logo":{"@type":"ImageObject","inLanguage":"sl-SI","@id":"https:\/\/tadejpogacar.com\/sl\/#\/schema\/logo\/image\/","url":"https:\/\/tadejpogacar.com\/sl\/wp-content\/uploads\/sites\/3\/2024\/08\/TadejPogacar.webp","contentUrl":"https:\/\/tadejpogacar.com\/sl\/wp-content\/uploads\/sites\/3\/2024\/08\/TadejPogacar.webp","width":300,"height":68,"caption":"Na klancu d.o.o."},"image":{"@id":"https:\/\/tadejpogacar.com\/sl\/#\/schema\/logo\/image\/"},"sameAs":["https:\/\/www.facebook.com\/Tadej-Pogaar-Brand-108786571960953","https:\/\/x.com\/TamauPogi","https:\/\/www.instagram.com\/tadejpogacar\/","https:\/\/www.youtube.com\/c\/TadejPogacarOfficial\/videos"]},{"@type":"Person","@id":"https:\/\/tadejpogacar.com\/sl\/#\/schema\/person\/fe142a194ce84b68b083d8af63afbd4f","name":"miha","image":{"@type":"ImageObject","inLanguage":"sl-SI","@id":"https:\/\/secure.gravatar.com\/avatar\/af93e829a77aef260157fcd424e42411a045467d8199a8f88d0b2cdeb17e056c?s=96&d=mm&r=g","url":"https:\/\/secure.gravatar.com\/avatar\/af93e829a77aef260157fcd424e42411a045467d8199a8f88d0b2cdeb17e056c?s=96&d=mm&r=g","contentUrl":"https:\/\/secure.gravatar.com\/avatar\/af93e829a77aef260157fcd424e42411a045467d8199a8f88d0b2cdeb17e056c?s=96&d=mm&r=g","caption":"miha"},"url":"https:\/\/tadejpogacar.com\/sl\/blog\/author\/miha\/"}]}},"_links":{"self":[{"href":"https:\/\/tadejpogacar.com\/sl\/wp-json\/wp\/v2\/posts\/6999","targetHints":{"allow":["GET"]}}],"collection":[{"href":"https:\/\/tadejpogacar.com\/sl\/wp-json\/wp\/v2\/posts"}],"about":[{"href":"https:\/\/tadejpogacar.com\/sl\/wp-json\/wp\/v2\/types\/post"}],"author":[{"embeddable":true,"href":"https:\/\/tadejpogacar.com\/sl\/wp-json\/wp\/v2\/users\/1094"}],"replies":[{"embeddable":true,"href":"https:\/\/tadejpogacar.com\/sl\/wp-json\/wp\/v2\/comments?post=6999"}],"version-history":[{"count":1,"href":"https:\/\/tadejpogacar.com\/sl\/wp-json\/wp\/v2\/posts\/6999\/revisions"}],"predecessor-version":[{"id":7000,"href":"https:\/\/tadejpogacar.com\/sl\/wp-json\/wp\/v2\/posts\/6999\/revisions\/7000"}],"wp:featuredmedia":[{"embeddable":true,"href":"https:\/\/tadejpogacar.com\/sl\/wp-json\/wp\/v2\/media\/7001"}],"wp:attachment":[{"href":"https:\/\/tadejpogacar.com\/sl\/wp-json\/wp\/v2\/media?parent=6999"}],"wp:term":[{"taxonomy":"category","embeddable":true,"href":"https:\/\/tadejpogacar.com\/sl\/wp-json\/wp\/v2\/categories?post=6999"},{"taxonomy":"post_tag","embeddable":true,"href":"https:\/\/tadejpogacar.com\/sl\/wp-json\/wp\/v2\/tags?post=6999"}],"curies":[{"name":"wp","href":"https:\/\/api.w.org\/{rel}","templated":true}]}}