{"id":6979,"date":"2026-08-22T22:24:55","date_gmt":"2026-08-22T20:24:55","guid":{"rendered":"https:\/\/tadejpogacar.com\/sl\/?p=6979"},"modified":"2026-08-22T22:24:56","modified_gmt":"2026-08-22T20:24:56","slug":"v-rdeci-majici-na-domacih-cestah","status":"publish","type":"post","link":"https:\/\/tadejpogacar.com\/sl\/blog\/v-rdeci-majici-na-domacih-cestah\/","title":{"rendered":"V rde\u010di majici na doma\u010dih cestah"},"content":{"rendered":"\n<p class=\"wp-block-paragraph\">Tadej je v velikem slogu za\u010del 81. Vuelto. V Monaku je bil najhitrej\u0161i v uvodni 9,4-kilometrski vo\u017enji na \u010das, slavil je etapno zmago in oblekel rde\u010do majico vodilnega. Njegova zmaga bi bila ste\u017eka tesnej\u0161a, drugouvr\u0161\u010denega Ethana Hayterja je prehitel za devet stotink sekunde(Soudal Quick-Step).<\/p>\n\n\n\n<p class=\"wp-block-paragraph\">\u00bbNenavaden ob\u010dutek je zmagati na kronometru v prvi etapi in to s tako majhno razliko. Tega nisem pri\u010dakoval. Zelo sem vesel. Ta rde\u010da barva je res \u010dudovita,\u00ab je Tadej povedal v cilju, potem ko je tako kot Hayter s 1. etapo opravil s \u010dasom 10:57 in povpre\u010dno hitrostjo 51,5 km\/h.<\/p>\n\n\n\n<p class=\"wp-block-paragraph\">\u00bbTistih devet stotink sekunde se je zgodilo, ko sem peljal mimo svojega stanovanja, saj je bil to najbolj tehni\u010den del, tam pa vsak dan hodim in kolesarim. \u010ceprav je na dirki vse popolnoma druga\u010de, \u0161e vedno dirka\u0161 po doma\u010dih cestah in jih zelo dobro pozna\u0161, zato mi je to danes zelo pomagalo,\u00ab je Tadej tesno zmago pripisal tudi dobremu poznavanju cest v Monaku, kjer \u017eivi od leta 2019.<\/p>\n\n\n\n<p class=\"wp-block-paragraph\">Pred sedmimi leti je tudi prvi\u010d nastopil na Vuelti, dobil tri etape, zasedel kon\u010dno 3. mesto in osvojil belo majico najbolj\u0161ega mladega kolesarja. Ob vrnitvi na dirko po \u0160paniji je njegov cilj osvojiti rde\u010do majico na cilju 13. septembra v Granadi. Jo bo po zmagi v 1. etapi nosil vse tri tedne?<\/p>\n\n\n\n<p class=\"wp-block-paragraph\">\u00bbTe\u017eko bo. Nekaj fantov je po \u010dasih povsem blizu mene in lahko gredo v pobeg ali \u0161printajo za odbitne sekunde. Zato bo \u0161lo za boj za rde\u010do majico, jutri lahko vidimo nekaj sprememb v skupnem se\u0161tevku,\u00ab je \u0161e povedal Tadej.<\/p>\n\n\n\n<p class=\"wp-block-paragraph\">Danes je slavil svojo 20. zmago v leto\u0161nji sezoni in 128. v karieri, jutri pa ga \u010daka najdalj\u0161a etapa leto\u0161nje Vuelte, 214,3-kilometrska preizku\u0161nja od Monaka do Manosqua v Franciji.<\/p>\n","protected":false},"excerpt":{"rendered":"<p>Tadej je v velikem slogu za\u010del 81. Vuelto. V Monaku je bil najhitrej\u0161i v uvodni 9,4-kilometrski vo\u017enji na \u010das, slavil<\/p>\n","protected":false},"author":1094,"featured_media":6981,"comment_status":"closed","ping_status":"closed","sticky":false,"template":"","format":"standard","meta":{"_acf_changed":false,"iawp_total_views":15,"footnotes":""},"categories":[1],"tags":[],"class_list":["post-6979","post","type-post","status-publish","format-standard","has-post-thumbnail","hentry","category-novice"],"acf":[],"yoast_head":"<!-- This site is optimized with the Yoast SEO plugin v27.8 - https:\/\/yoast.com\/product\/yoast-seo-wordpress\/ -->\n<title>V rde\u010di majici na doma\u010dih cestah - Tadej Poga\u010dar<\/title>\n<meta name=\"robots\" content=\"index, follow, max-snippet:-1, max-image-preview:large, max-video-preview:-1\" \/>\n<link rel=\"canonical\" href=\"https:\/\/tadejpogacar.com\/sl\/blog\/v-rdeci-majici-na-domacih-cestah\/\" \/>\n<meta property=\"og:locale\" content=\"sl_SI\" \/>\n<meta property=\"og:type\" content=\"article\" \/>\n<meta property=\"og:title\" content=\"V rde\u010di majici na doma\u010dih cestah - Tadej Poga\u010dar\" \/>\n<meta property=\"og:description\" content=\"Tadej je v velikem slogu za\u010del 81. Vuelto. V Monaku je bil najhitrej\u0161i v uvodni 9,4-kilometrski vo\u017enji na \u010das, slavil\" \/>\n<meta property=\"og:url\" content=\"https:\/\/tadejpogacar.com\/sl\/blog\/v-rdeci-majici-na-domacih-cestah\/\" \/>\n<meta property=\"og:site_name\" content=\"Tadej Poga\u010dar\" \/>\n<meta property=\"article:publisher\" content=\"https:\/\/www.facebook.com\/Tadej-Pogaar-Brand-108786571960953\" \/>\n<meta property=\"article:published_time\" content=\"2026-08-22T20:24:55+00:00\" \/>\n<meta property=\"article:modified_time\" content=\"2026-08-22T20:24:56+00:00\" \/>\n<meta property=\"og:image\" content=\"https:\/\/tadejpogacar.com\/sl\/wp-content\/uploads\/sites\/3\/2026\/08\/Pogi-Vuelta1.jpg\" \/>\n\t<meta property=\"og:image:width\" content=\"1638\" \/>\n\t<meta property=\"og:image:height\" content=\"2048\" \/>\n\t<meta property=\"og:image:type\" content=\"image\/jpeg\" \/>\n<meta name=\"author\" content=\"miha\" \/>\n<meta name=\"twitter:card\" content=\"summary_large_image\" \/>\n<meta name=\"twitter:creator\" content=\"@TamauPogi\" \/>\n<meta name=\"twitter:site\" content=\"@TamauPogi\" \/>\n<meta name=\"twitter:label1\" content=\"Written by\" \/>\n\t<meta name=\"twitter:data1\" content=\"miha\" \/>\n\t<meta name=\"twitter:label2\" content=\"Est. reading time\" \/>\n\t<meta name=\"twitter:data2\" content=\"2 minuti\" \/>\n<script type=\"application\/ld+json\" class=\"yoast-schema-graph\">{\"@context\":\"https:\\\/\\\/schema.org\",\"@graph\":[{\"@type\":\"Article\",\"@id\":\"https:\\\/\\\/tadejpogacar.com\\\/sl\\\/blog\\\/v-rdeci-majici-na-domacih-cestah\\\/#article\",\"isPartOf\":{\"@id\":\"https:\\\/\\\/tadejpogacar.com\\\/sl\\\/blog\\\/v-rdeci-majici-na-domacih-cestah\\\/\"},\"author\":{\"name\":\"miha\",\"@id\":\"https:\\\/\\\/tadejpogacar.com\\\/sl\\\/#\\\/schema\\\/person\\\/fe142a194ce84b68b083d8af63afbd4f\"},\"headline\":\"V rde\u010di majici na doma\u010dih cestah\",\"datePublished\":\"2026-08-22T20:24:55+00:00\",\"dateModified\":\"2026-08-22T20:24:56+00:00\",\"mainEntityOfPage\":{\"@id\":\"https:\\\/\\\/tadejpogacar.com\\\/sl\\\/blog\\\/v-rdeci-majici-na-domacih-cestah\\\/\"},\"wordCount\":307,\"publisher\":{\"@id\":\"https:\\\/\\\/tadejpogacar.com\\\/sl\\\/#organization\"},\"image\":{\"@id\":\"https:\\\/\\\/tadejpogacar.com\\\/sl\\\/blog\\\/v-rdeci-majici-na-domacih-cestah\\\/#primaryimage\"},\"thumbnailUrl\":\"https:\\\/\\\/tadejpogacar.com\\\/sl\\\/wp-content\\\/uploads\\\/sites\\\/3\\\/2026\\\/08\\\/Pogi-Vuelta1.jpg\",\"articleSection\":[\"Novice\"],\"inLanguage\":\"sl-SI\"},{\"@type\":\"WebPage\",\"@id\":\"https:\\\/\\\/tadejpogacar.com\\\/sl\\\/blog\\\/v-rdeci-majici-na-domacih-cestah\\\/\",\"url\":\"https:\\\/\\\/tadejpogacar.com\\\/sl\\\/blog\\\/v-rdeci-majici-na-domacih-cestah\\\/\",\"name\":\"V rde\u010di majici na doma\u010dih cestah - Tadej Poga\u010dar\",\"isPartOf\":{\"@id\":\"https:\\\/\\\/tadejpogacar.com\\\/sl\\\/#website\"},\"primaryImageOfPage\":{\"@id\":\"https:\\\/\\\/tadejpogacar.com\\\/sl\\\/blog\\\/v-rdeci-majici-na-domacih-cestah\\\/#primaryimage\"},\"image\":{\"@id\":\"https:\\\/\\\/tadejpogacar.com\\\/sl\\\/blog\\\/v-rdeci-majici-na-domacih-cestah\\\/#primaryimage\"},\"thumbnailUrl\":\"https:\\\/\\\/tadejpogacar.com\\\/sl\\\/wp-content\\\/uploads\\\/sites\\\/3\\\/2026\\\/08\\\/Pogi-Vuelta1.jpg\",\"datePublished\":\"2026-08-22T20:24:55+00:00\",\"dateModified\":\"2026-08-22T20:24:56+00:00\",\"breadcrumb\":{\"@id\":\"https:\\\/\\\/tadejpogacar.com\\\/sl\\\/blog\\\/v-rdeci-majici-na-domacih-cestah\\\/#breadcrumb\"},\"inLanguage\":\"sl-SI\",\"potentialAction\":[{\"@type\":\"ReadAction\",\"target\":[\"https:\\\/\\\/tadejpogacar.com\\\/sl\\\/blog\\\/v-rdeci-majici-na-domacih-cestah\\\/\"]}]},{\"@type\":\"ImageObject\",\"inLanguage\":\"sl-SI\",\"@id\":\"https:\\\/\\\/tadejpogacar.com\\\/sl\\\/blog\\\/v-rdeci-majici-na-domacih-cestah\\\/#primaryimage\",\"url\":\"https:\\\/\\\/tadejpogacar.com\\\/sl\\\/wp-content\\\/uploads\\\/sites\\\/3\\\/2026\\\/08\\\/Pogi-Vuelta1.jpg\",\"contentUrl\":\"https:\\\/\\\/tadejpogacar.com\\\/sl\\\/wp-content\\\/uploads\\\/sites\\\/3\\\/2026\\\/08\\\/Pogi-Vuelta1.jpg\",\"width\":1638,\"height\":2048},{\"@type\":\"BreadcrumbList\",\"@id\":\"https:\\\/\\\/tadejpogacar.com\\\/sl\\\/blog\\\/v-rdeci-majici-na-domacih-cestah\\\/#breadcrumb\",\"itemListElement\":[{\"@type\":\"ListItem\",\"position\":1,\"name\":\"Home\",\"item\":\"https:\\\/\\\/tadejpogacar.com\\\/sl\\\/\"},{\"@type\":\"ListItem\",\"position\":2,\"name\":\"V rde\u010di majici na doma\u010dih cestah\"}]},{\"@type\":\"WebSite\",\"@id\":\"https:\\\/\\\/tadejpogacar.com\\\/sl\\\/#website\",\"url\":\"https:\\\/\\\/tadejpogacar.com\\\/sl\\\/\",\"name\":\"Tadej Poga\u010dar\",\"description\":\"Uradna spletna stran\",\"publisher\":{\"@id\":\"https:\\\/\\\/tadejpogacar.com\\\/sl\\\/#organization\"},\"potentialAction\":[{\"@type\":\"SearchAction\",\"target\":{\"@type\":\"EntryPoint\",\"urlTemplate\":\"https:\\\/\\\/tadejpogacar.com\\\/sl\\\/?s={search_term_string}\"},\"query-input\":{\"@type\":\"PropertyValueSpecification\",\"valueRequired\":true,\"valueName\":\"search_term_string\"}}],\"inLanguage\":\"sl-SI\"},{\"@type\":\"Organization\",\"@id\":\"https:\\\/\\\/tadejpogacar.com\\\/sl\\\/#organization\",\"name\":\"Na klancu d.o.o.\",\"url\":\"https:\\\/\\\/tadejpogacar.com\\\/sl\\\/\",\"logo\":{\"@type\":\"ImageObject\",\"inLanguage\":\"sl-SI\",\"@id\":\"https:\\\/\\\/tadejpogacar.com\\\/sl\\\/#\\\/schema\\\/logo\\\/image\\\/\",\"url\":\"https:\\\/\\\/tadejpogacar.com\\\/sl\\\/wp-content\\\/uploads\\\/sites\\\/3\\\/2024\\\/08\\\/TadejPogacar.webp\",\"contentUrl\":\"https:\\\/\\\/tadejpogacar.com\\\/sl\\\/wp-content\\\/uploads\\\/sites\\\/3\\\/2024\\\/08\\\/TadejPogacar.webp\",\"width\":300,\"height\":68,\"caption\":\"Na klancu d.o.o.\"},\"image\":{\"@id\":\"https:\\\/\\\/tadejpogacar.com\\\/sl\\\/#\\\/schema\\\/logo\\\/image\\\/\"},\"sameAs\":[\"https:\\\/\\\/www.facebook.com\\\/Tadej-Pogaar-Brand-108786571960953\",\"https:\\\/\\\/x.com\\\/TamauPogi\",\"https:\\\/\\\/www.instagram.com\\\/tadejpogacar\\\/\",\"https:\\\/\\\/www.youtube.com\\\/c\\\/TadejPogacarOfficial\\\/videos\"]},{\"@type\":\"Person\",\"@id\":\"https:\\\/\\\/tadejpogacar.com\\\/sl\\\/#\\\/schema\\\/person\\\/fe142a194ce84b68b083d8af63afbd4f\",\"name\":\"miha\",\"image\":{\"@type\":\"ImageObject\",\"inLanguage\":\"sl-SI\",\"@id\":\"https:\\\/\\\/secure.gravatar.com\\\/avatar\\\/af93e829a77aef260157fcd424e42411a045467d8199a8f88d0b2cdeb17e056c?s=96&d=mm&r=g\",\"url\":\"https:\\\/\\\/secure.gravatar.com\\\/avatar\\\/af93e829a77aef260157fcd424e42411a045467d8199a8f88d0b2cdeb17e056c?s=96&d=mm&r=g\",\"contentUrl\":\"https:\\\/\\\/secure.gravatar.com\\\/avatar\\\/af93e829a77aef260157fcd424e42411a045467d8199a8f88d0b2cdeb17e056c?s=96&d=mm&r=g\",\"caption\":\"miha\"},\"url\":\"https:\\\/\\\/tadejpogacar.com\\\/sl\\\/blog\\\/author\\\/miha\\\/\"}]}<\/script>\n<!-- \/ Yoast SEO plugin. -->","yoast_head_json":{"title":"V rde\u010di majici na doma\u010dih cestah - Tadej Poga\u010dar","robots":{"index":"index","follow":"follow","max-snippet":"max-snippet:-1","max-image-preview":"max-image-preview:large","max-video-preview":"max-video-preview:-1"},"canonical":"https:\/\/tadejpogacar.com\/sl\/blog\/v-rdeci-majici-na-domacih-cestah\/","og_locale":"sl_SI","og_type":"article","og_title":"V rde\u010di majici na doma\u010dih cestah - Tadej Poga\u010dar","og_description":"Tadej je v velikem slogu za\u010del 81. Vuelto. V Monaku je bil najhitrej\u0161i v uvodni 9,4-kilometrski vo\u017enji na \u010das, slavil","og_url":"https:\/\/tadejpogacar.com\/sl\/blog\/v-rdeci-majici-na-domacih-cestah\/","og_site_name":"Tadej Poga\u010dar","article_publisher":"https:\/\/www.facebook.com\/Tadej-Pogaar-Brand-108786571960953","article_published_time":"2026-08-22T20:24:55+00:00","article_modified_time":"2026-08-22T20:24:56+00:00","og_image":[{"width":1638,"height":2048,"url":"https:\/\/tadejpogacar.com\/sl\/wp-content\/uploads\/sites\/3\/2026\/08\/Pogi-Vuelta1.jpg","type":"image\/jpeg"}],"author":"miha","twitter_card":"summary_large_image","twitter_creator":"@TamauPogi","twitter_site":"@TamauPogi","twitter_misc":{"Written by":"miha","Est. reading time":"2 minuti"},"schema":{"@context":"https:\/\/schema.org","@graph":[{"@type":"Article","@id":"https:\/\/tadejpogacar.com\/sl\/blog\/v-rdeci-majici-na-domacih-cestah\/#article","isPartOf":{"@id":"https:\/\/tadejpogacar.com\/sl\/blog\/v-rdeci-majici-na-domacih-cestah\/"},"author":{"name":"miha","@id":"https:\/\/tadejpogacar.com\/sl\/#\/schema\/person\/fe142a194ce84b68b083d8af63afbd4f"},"headline":"V rde\u010di majici na doma\u010dih cestah","datePublished":"2026-08-22T20:24:55+00:00","dateModified":"2026-08-22T20:24:56+00:00","mainEntityOfPage":{"@id":"https:\/\/tadejpogacar.com\/sl\/blog\/v-rdeci-majici-na-domacih-cestah\/"},"wordCount":307,"publisher":{"@id":"https:\/\/tadejpogacar.com\/sl\/#organization"},"image":{"@id":"https:\/\/tadejpogacar.com\/sl\/blog\/v-rdeci-majici-na-domacih-cestah\/#primaryimage"},"thumbnailUrl":"https:\/\/tadejpogacar.com\/sl\/wp-content\/uploads\/sites\/3\/2026\/08\/Pogi-Vuelta1.jpg","articleSection":["Novice"],"inLanguage":"sl-SI"},{"@type":"WebPage","@id":"https:\/\/tadejpogacar.com\/sl\/blog\/v-rdeci-majici-na-domacih-cestah\/","url":"https:\/\/tadejpogacar.com\/sl\/blog\/v-rdeci-majici-na-domacih-cestah\/","name":"V rde\u010di majici na doma\u010dih cestah - Tadej Poga\u010dar","isPartOf":{"@id":"https:\/\/tadejpogacar.com\/sl\/#website"},"primaryImageOfPage":{"@id":"https:\/\/tadejpogacar.com\/sl\/blog\/v-rdeci-majici-na-domacih-cestah\/#primaryimage"},"image":{"@id":"https:\/\/tadejpogacar.com\/sl\/blog\/v-rdeci-majici-na-domacih-cestah\/#primaryimage"},"thumbnailUrl":"https:\/\/tadejpogacar.com\/sl\/wp-content\/uploads\/sites\/3\/2026\/08\/Pogi-Vuelta1.jpg","datePublished":"2026-08-22T20:24:55+00:00","dateModified":"2026-08-22T20:24:56+00:00","breadcrumb":{"@id":"https:\/\/tadejpogacar.com\/sl\/blog\/v-rdeci-majici-na-domacih-cestah\/#breadcrumb"},"inLanguage":"sl-SI","potentialAction":[{"@type":"ReadAction","target":["https:\/\/tadejpogacar.com\/sl\/blog\/v-rdeci-majici-na-domacih-cestah\/"]}]},{"@type":"ImageObject","inLanguage":"sl-SI","@id":"https:\/\/tadejpogacar.com\/sl\/blog\/v-rdeci-majici-na-domacih-cestah\/#primaryimage","url":"https:\/\/tadejpogacar.com\/sl\/wp-content\/uploads\/sites\/3\/2026\/08\/Pogi-Vuelta1.jpg","contentUrl":"https:\/\/tadejpogacar.com\/sl\/wp-content\/uploads\/sites\/3\/2026\/08\/Pogi-Vuelta1.jpg","width":1638,"height":2048},{"@type":"BreadcrumbList","@id":"https:\/\/tadejpogacar.com\/sl\/blog\/v-rdeci-majici-na-domacih-cestah\/#breadcrumb","itemListElement":[{"@type":"ListItem","position":1,"name":"Home","item":"https:\/\/tadejpogacar.com\/sl\/"},{"@type":"ListItem","position":2,"name":"V rde\u010di majici na doma\u010dih cestah"}]},{"@type":"WebSite","@id":"https:\/\/tadejpogacar.com\/sl\/#website","url":"https:\/\/tadejpogacar.com\/sl\/","name":"Tadej Poga\u010dar","description":"Uradna spletna stran","publisher":{"@id":"https:\/\/tadejpogacar.com\/sl\/#organization"},"potentialAction":[{"@type":"SearchAction","target":{"@type":"EntryPoint","urlTemplate":"https:\/\/tadejpogacar.com\/sl\/?s={search_term_string}"},"query-input":{"@type":"PropertyValueSpecification","valueRequired":true,"valueName":"search_term_string"}}],"inLanguage":"sl-SI"},{"@type":"Organization","@id":"https:\/\/tadejpogacar.com\/sl\/#organization","name":"Na klancu d.o.o.","url":"https:\/\/tadejpogacar.com\/sl\/","logo":{"@type":"ImageObject","inLanguage":"sl-SI","@id":"https:\/\/tadejpogacar.com\/sl\/#\/schema\/logo\/image\/","url":"https:\/\/tadejpogacar.com\/sl\/wp-content\/uploads\/sites\/3\/2024\/08\/TadejPogacar.webp","contentUrl":"https:\/\/tadejpogacar.com\/sl\/wp-content\/uploads\/sites\/3\/2024\/08\/TadejPogacar.webp","width":300,"height":68,"caption":"Na klancu d.o.o."},"image":{"@id":"https:\/\/tadejpogacar.com\/sl\/#\/schema\/logo\/image\/"},"sameAs":["https:\/\/www.facebook.com\/Tadej-Pogaar-Brand-108786571960953","https:\/\/x.com\/TamauPogi","https:\/\/www.instagram.com\/tadejpogacar\/","https:\/\/www.youtube.com\/c\/TadejPogacarOfficial\/videos"]},{"@type":"Person","@id":"https:\/\/tadejpogacar.com\/sl\/#\/schema\/person\/fe142a194ce84b68b083d8af63afbd4f","name":"miha","image":{"@type":"ImageObject","inLanguage":"sl-SI","@id":"https:\/\/secure.gravatar.com\/avatar\/af93e829a77aef260157fcd424e42411a045467d8199a8f88d0b2cdeb17e056c?s=96&d=mm&r=g","url":"https:\/\/secure.gravatar.com\/avatar\/af93e829a77aef260157fcd424e42411a045467d8199a8f88d0b2cdeb17e056c?s=96&d=mm&r=g","contentUrl":"https:\/\/secure.gravatar.com\/avatar\/af93e829a77aef260157fcd424e42411a045467d8199a8f88d0b2cdeb17e056c?s=96&d=mm&r=g","caption":"miha"},"url":"https:\/\/tadejpogacar.com\/sl\/blog\/author\/miha\/"}]}},"_links":{"self":[{"href":"https:\/\/tadejpogacar.com\/sl\/wp-json\/wp\/v2\/posts\/6979","targetHints":{"allow":["GET"]}}],"collection":[{"href":"https:\/\/tadejpogacar.com\/sl\/wp-json\/wp\/v2\/posts"}],"about":[{"href":"https:\/\/tadejpogacar.com\/sl\/wp-json\/wp\/v2\/types\/post"}],"author":[{"embeddable":true,"href":"https:\/\/tadejpogacar.com\/sl\/wp-json\/wp\/v2\/users\/1094"}],"replies":[{"embeddable":true,"href":"https:\/\/tadejpogacar.com\/sl\/wp-json\/wp\/v2\/comments?post=6979"}],"version-history":[{"count":1,"href":"https:\/\/tadejpogacar.com\/sl\/wp-json\/wp\/v2\/posts\/6979\/revisions"}],"predecessor-version":[{"id":6980,"href":"https:\/\/tadejpogacar.com\/sl\/wp-json\/wp\/v2\/posts\/6979\/revisions\/6980"}],"wp:featuredmedia":[{"embeddable":true,"href":"https:\/\/tadejpogacar.com\/sl\/wp-json\/wp\/v2\/media\/6981"}],"wp:attachment":[{"href":"https:\/\/tadejpogacar.com\/sl\/wp-json\/wp\/v2\/media?parent=6979"}],"wp:term":[{"taxonomy":"category","embeddable":true,"href":"https:\/\/tadejpogacar.com\/sl\/wp-json\/wp\/v2\/categories?post=6979"},{"taxonomy":"post_tag","embeddable":true,"href":"https:\/\/tadejpogacar.com\/sl\/wp-json\/wp\/v2\/tags?post=6979"}],"curies":[{"name":"wp","href":"https:\/\/api.w.org\/{rel}","templated":true}]}}