{"id":6631,"date":"2026-08-01T12:01:18","date_gmt":"2026-08-01T10:01:18","guid":{"rendered":"https:\/\/tadejpogacar.com\/sl\/?p=6631"},"modified":"2026-08-01T12:01:19","modified_gmt":"2026-08-01T10:01:19","slug":"v-komendi-boljse-vzdusje-kot-na-alpe-dhuezu","status":"publish","type":"post","link":"https:\/\/tadejpogacar.com\/sl\/blog\/v-komendi-boljse-vzdusje-kot-na-alpe-dhuezu\/","title":{"rendered":"V Komendi bolj\u0161e vzdu\u0161je kot na Alpe d&#8217;Huezu"},"content":{"rendered":"\n<p class=\"wp-block-paragraph\">Tadejev doma\u010di kraj se je ta konec tedna spremenil v kolesarsko sredi\u0161\u010de sveta. Klanec pri Komendi tri dni praznuje njegovo zgodovinsko peto zmago na Touru in Tadej je sino\u010di do\u017eivel pravi \u0161ampionski sprejem. Najprej se je s svojimi kolesarskimi prijatelji pomeril na 8. kriteriju Tadeja Poga\u010darja.<\/p>\n\n\n\n<p class=\"wp-block-paragraph\">V dru\u017ebi Isaaca del Tora, Felixa Gro\u00dfschartnerja, Tima Wellensa (vsi UAE Team Emirates &#8211; XRG), Luke Mezgeca, Pascala Ackermanna (oba Jayco Alula), Mateja Mohori\u010da (Bahrain Victorious), Ruija Coste, Mikkela Honor\u00e9ja (oba EF Education Easy Post), Ryana Gibbonsa (Lidl Trek), Mattea Trentina (Tudor), Matica \u017dumra (Arb\u00f6 K\u00e4rnten), Jake Primo\u017ei\u010da (Hrinkow Advarics), Tilna Fink\u0161ta (Solution Tech Nippo), Erazma Valjavca (Soudal Quick Step Devo) in drugih je drugo leto zapored slavil zmago. Na 980 metrskem krogu, ki so ga morali tekmovalci prekolesariti 35-krat, je zbral 22 to\u010dk in ugnal Trentina (13) in Mezgeca (13).<\/p>\n\n\n\n<p class=\"wp-block-paragraph\">\u00bbZadnja dva kriterija sem dobil in sem zelo vesel. Najbolj pa sem vesel ljudi, ki so se pri\u0161li zabavat, tudi prijateljev in tekmecev iz pelotona. Hvale\u017een sem vsem, ki so pri\u0161li, navija\u010dev je bilo ob trasi ogromno, dali so nam energijo,\u00ab je Tadej povedal na velikem odru, na katerem so mu pripravili tudi sprejem po zmagi na dirki po Franciji.<\/p>\n\n\n\n<p class=\"wp-block-paragraph\">\u00bbNa Alpe d&#8217;Huezu je bilo pri\u010dakovano noro vzdu\u0161je, ampak bi rekel, da je tu bolj\u0161e,\u00ab se je Tadej zahvalil sokrajanom in navija\u010dem. Ti so pri\u0161li ne le iz vse Slovenije, temve\u010d tudi od drugod. Potem ko so lahko pozdravili najbolj\u0161ega kolesarja na svetu, so lahko u\u017eivali \u0161e v koncertu Magnifica.<\/p>\n\n\n\n<p class=\"wp-block-paragraph\">Petkov kriterij je bil del tokrat prvi\u010d tridnevnega Pogi Challengea, ki se danes nadaljuje z dru\u017einskim dnevom, jutri pa se bo kon\u010dal z dirko s Klanca na klanc, na kateri se bo Tadej s 1177 udele\u017eenci pomeril na vzponu na Krvavec. Tadej je sokrajanom, ki jih je 10. junija prizadela huda nevihta in po\u0161kodovala \u0161tevilne hi\u0161e ter poslopja, \u017ee namenil 100.000 evrov pomo\u010di. Tako kot Fundacija Tadeja Poga\u010darja, ki pomaga mladim, ki se borijo z rakom ali so ga premagali, bodo prizadeti prebivalci Komende prejeli tudi del izkupi\u010dka Pogi Challengea in dra\u017ebe Tadejevih predmetov. Med njim je bil tudi vedno zelo iskani lev\u010dek, ki ga Tadej prejme vsaki\u010d, ko na Touru oble\u010de rumeno majico.<\/p>\n\n\n\n<figure class=\"wp-block-image size-large\"><img fetchpriority=\"high\" decoding=\"async\" width=\"1024\" height=\"683\" src=\"https:\/\/tadejpogacar.com\/sl\/wp-content\/uploads\/sites\/3\/2026\/08\/Pogi-kriterij-1024x683.jpg\" alt=\"\" class=\"wp-image-6634\" srcset=\"https:\/\/tadejpogacar.com\/sl\/wp-content\/uploads\/sites\/3\/2026\/08\/Pogi-kriterij-1024x683.jpg 1024w, https:\/\/tadejpogacar.com\/sl\/wp-content\/uploads\/sites\/3\/2026\/08\/Pogi-kriterij-300x200.jpg 300w, https:\/\/tadejpogacar.com\/sl\/wp-content\/uploads\/sites\/3\/2026\/08\/Pogi-kriterij-768x512.jpg 768w, https:\/\/tadejpogacar.com\/sl\/wp-content\/uploads\/sites\/3\/2026\/08\/Pogi-kriterij-500x334.jpg 500w, https:\/\/tadejpogacar.com\/sl\/wp-content\/uploads\/sites\/3\/2026\/08\/Pogi-kriterij-150x100.jpg 150w, https:\/\/tadejpogacar.com\/sl\/wp-content\/uploads\/sites\/3\/2026\/08\/Pogi-kriterij.jpg 1400w\" sizes=\"(max-width: 1024px) 100vw, 1024px\" \/><\/figure>\n\n\n\n<p class=\"wp-block-paragraph\">\u00bb\u017de lani smo dali lev\u010dka na dra\u017ebo in se je dobro obneslo. Upam, da v prihodnje dobim \u0161e kak\u0161nega. \u017de prvega so leta 2020 \u017eeleli \u0161tevilni, ampak je bil takrat eden in edini. \u010cez Tour so lev\u010dki v ospredju avtobusa, po dirki vsi ne gredo v prtljago, ampak gredo v ekipni \u0161tab v Milanu. Nekdo se \u017ertvuje in pripelje vse stvari s Toura v Slovenijo, nato se razpr\u0161ijo, gredo v zrak. Nimam lokacije, kjer bi vse shranil, najbolj trpi hi\u0161a mojih star\u0161ev z vsemi dresi in drugimi drobnarijami, ki so se nabrale. Moram se ustaliti in najti prostor, da shranim lepe spomine,\u00ab je o svoji bogati dirki lovorik in spominkov z najve\u010djih dirk povedal Tadej.<\/p>\n\n\n\n<p class=\"wp-block-paragraph\">Na novinarski konferenci \u0161e ni razkril, ali bo letos nastopil tudi na Vuelti, ki se bo 22. avgusta za\u010dela v Monte Carlu. To bo najverjetneje storil v ponedeljek, ta konec tedna pa je namenjen proslavljanju izjemnih uspehov na Touru, s katerim Tadej tudi vra\u010da okolju, v katerem je odrasel.<\/p>\n\n\n\n<p class=\"wp-block-paragraph\">\u00bbS Pogi Teamom smo VN Tadeja Poga\u010darja za\u010deli pripravljati leta 2019, od takrat je to najbolj\u0161i kriterij v Sloveniji. V zadnjih dveh letih smo ga dvignili na mednarodno raven, gradimo slovensko kolesarstvo, dvigamo ga na vi\u0161jo raven. Ta dva dogodka gresta dobro skupaj z roko v roki, moj koledar ne dopu\u0161\u010da ve\u010d kot en vikend,\u00ab je Tadej dejal o zdru\u017eitvi kriterija in dirke na Krvavec, ki so ju lani priredili lo\u010deno julija in oktobra.<\/p>\n\n\n\n<p class=\"wp-block-paragraph\">\u00bb\u010ce ne bi imel obveznosti ta konec tedna, bi v soboto in nedeljo opravil la\u017ejo vo\u017enjo s kolesom, ne bi mislil na dieto. Mora\u0161 se odklopiti, resetirati, vsaj en teden potrebuje\u0161, da pride\u0161 nazaj na realna tla. V Franciji sem en mesec v mehur\u010dku, vsak dan dirkam na vso mo\u010d, pred tem je \u0161e en mesec priprav, ko se vrnem domov, je to majhen \u0161ok,\u00ab je Tadej priznal, da po velikih podvigih tudi on potrebuje po\u010ditek.<\/p>\n\n\n\n<p class=\"wp-block-paragraph\">Vseeno je svojim gostom na kolesu razkazal del Slovenije, tudi ceste, po katerih bo oktobra potekalo evropsko prvenstvo. \u00bbS fanti smo \u0161li s kolesi iz Cerkelj v Ljubljano na kavo, nato \u0161e na krog, kjer bo trasa EP z vzponom na Mo\u017ejanco. Opravili smo lep trening, proga bo zahtevna. Pri krogu nisem imel veliko besede, vsi si predstavljajo, da je najbolje, \u010de je te\u017eak. Sam se nikoli ne bi odlo\u010dil za Mo\u017ejanco, ker cesta ni bila povsem asfaltirana, a to so uredili. Prvi\u010d sem prekolesaril cel krog, klanec je zahteven, spust pa tehni\u010den. Na EP bo zmagal kakovosten kolesar,\u00ab je o ogledu trase povedal Tadej.<\/p>\n\n\n\n<figure class=\"wp-block-image size-large\"><img decoding=\"async\" width=\"1024\" height=\"683\" src=\"https:\/\/tadejpogacar.com\/sl\/wp-content\/uploads\/sites\/3\/2026\/08\/Pogi-sprejem-1024x683.jpg\" alt=\"\" class=\"wp-image-6635\" srcset=\"https:\/\/tadejpogacar.com\/sl\/wp-content\/uploads\/sites\/3\/2026\/08\/Pogi-sprejem-1024x683.jpg 1024w, https:\/\/tadejpogacar.com\/sl\/wp-content\/uploads\/sites\/3\/2026\/08\/Pogi-sprejem-300x200.jpg 300w, https:\/\/tadejpogacar.com\/sl\/wp-content\/uploads\/sites\/3\/2026\/08\/Pogi-sprejem-768x512.jpg 768w, https:\/\/tadejpogacar.com\/sl\/wp-content\/uploads\/sites\/3\/2026\/08\/Pogi-sprejem-500x334.jpg 500w, https:\/\/tadejpogacar.com\/sl\/wp-content\/uploads\/sites\/3\/2026\/08\/Pogi-sprejem-150x100.jpg 150w, https:\/\/tadejpogacar.com\/sl\/wp-content\/uploads\/sites\/3\/2026\/08\/Pogi-sprejem.jpg 1400w\" sizes=\"(max-width: 1024px) 100vw, 1024px\" \/><\/figure>\n\n\n\n<p class=\"wp-block-paragraph\">Spregovoril je tudi o svoji zaro\u010denki Ur\u0161ki \u017digart. \u010ceprav je pred mesecem in pol grdo padla na dirki po \u0160vici in si zlomila \u010deljust, je danes s svojo ekipo AG Insurance Soudal na startu \u017eenskega Toura. \u00bbDecembra ni imela namena voziti na Touru, a je vrhunsko nastopila na Giru in Vuelti, v ekipi so videli, koliko jim pomeni, da je \u010dlanica najbolj\u0161e zasedbe. Odlo\u010dili so se tudi za Tour, nato je v \u0160vici pri\u0161el padec in zlom \u010deljusti. Ekipa jo je dobro podpirala. Po tako hudem padcu se lahko vseeno porajajo dvomi, ekipa lahko re\u010de, za vsak primer ne gre\u0161 na Tour. A se je Ur\u0161ka izjemno hitro regenerirala in spet za\u010dela trenirati, preden so ji to svetovali zdravniki. Za Tour je v vrhunski formi. Je pa del ekipe, ki gre po rumeno majico s Kim Le Court-Pienaar, nima stranskih ambicij,\u00ab je Tadej povedal o Ur\u0161kini hitri vrnitvi na dirke.<\/p>\n\n\n\n<p class=\"wp-block-paragraph\">Tadeja jutri \u010daka drugi Pogi Challenge s Klanca do Krvavca. Lani je na 15,13-kilometrskem vzponu s povpre\u010dnim naklonom 7,9 odstotka udele\u017eencem dal okoli sedem minut prednosti, preden se je pognal v lov za njimi. Ujel je vse razen Britanca Andrewa Featherja, ki bo tudi tokrat na startu. Zanimivo bo videti, ali bo kdo na Pla\u017eo spet prikolesaril pred Tadejem, prijavili so se kolesarji iz 28 dr\u017eav.<\/p>\n\n\n\n<p class=\"wp-block-paragraph\">Udele\u017eenci se bodo po kon\u010dani dirki spustili v Komendo, kjer se bo tridnevno dogajanje kon\u010dalo z bogatim glasbenim programom \u2013 zbrane bo zabaval Deejaytime, Tadeju pa pripravljajo tudi posebno presene\u010denje. Eden od vrhuncev dneva bo tudi Tadjev spust s Krvavca. S helikopterjem ga bo pripeljal najbolj\u0161i smu\u010darski skakalec na svetu Domen Prevc.<\/p>\n","protected":false},"excerpt":{"rendered":"<p>Tadejev doma\u010di kraj se je ta konec tedna spremenil v kolesarsko sredi\u0161\u010de sveta. Klanec pri Komendi tri dni praznuje njegovo<\/p>\n","protected":false},"author":1094,"featured_media":6633,"comment_status":"closed","ping_status":"closed","sticky":false,"template":"","format":"standard","meta":{"_acf_changed":false,"iawp_total_views":43,"footnotes":""},"categories":[1],"tags":[],"class_list":["post-6631","post","type-post","status-publish","format-standard","has-post-thumbnail","hentry","category-novice"],"acf":[],"yoast_head":"<!-- This site is optimized with the Yoast SEO plugin v27.8 - https:\/\/yoast.com\/product\/yoast-seo-wordpress\/ -->\n<title>V Komendi bolj\u0161e vzdu\u0161je kot na Alpe d&#039;Huezu - Tadej Poga\u010dar<\/title>\n<meta name=\"robots\" content=\"index, follow, max-snippet:-1, max-image-preview:large, max-video-preview:-1\" \/>\n<link rel=\"canonical\" href=\"https:\/\/tadejpogacar.com\/sl\/blog\/v-komendi-boljse-vzdusje-kot-na-alpe-dhuezu\/\" \/>\n<meta property=\"og:locale\" content=\"sl_SI\" \/>\n<meta property=\"og:type\" content=\"article\" \/>\n<meta property=\"og:title\" content=\"V Komendi bolj\u0161e vzdu\u0161je kot na Alpe d&#039;Huezu - Tadej Poga\u010dar\" \/>\n<meta property=\"og:description\" content=\"Tadejev doma\u010di kraj se je ta konec tedna spremenil v kolesarsko sredi\u0161\u010de sveta. Klanec pri Komendi tri dni praznuje njegovo\" \/>\n<meta property=\"og:url\" content=\"https:\/\/tadejpogacar.com\/sl\/blog\/v-komendi-boljse-vzdusje-kot-na-alpe-dhuezu\/\" \/>\n<meta property=\"og:site_name\" content=\"Tadej Poga\u010dar\" \/>\n<meta property=\"article:publisher\" content=\"https:\/\/www.facebook.com\/Tadej-Pogaar-Brand-108786571960953\" \/>\n<meta property=\"article:published_time\" content=\"2026-08-01T10:01:18+00:00\" \/>\n<meta property=\"article:modified_time\" content=\"2026-08-01T10:01:19+00:00\" \/>\n<meta property=\"og:image\" content=\"https:\/\/tadejpogacar.com\/sl\/wp-content\/uploads\/sites\/3\/2026\/08\/Pogi-dirka.jpg\" \/>\n\t<meta property=\"og:image:width\" content=\"568\" \/>\n\t<meta property=\"og:image:height\" content=\"779\" \/>\n\t<meta property=\"og:image:type\" content=\"image\/jpeg\" \/>\n<meta name=\"author\" content=\"miha\" \/>\n<meta name=\"twitter:card\" content=\"summary_large_image\" \/>\n<meta name=\"twitter:creator\" content=\"@TamauPogi\" \/>\n<meta name=\"twitter:site\" content=\"@TamauPogi\" \/>\n<meta name=\"twitter:label1\" content=\"Written by\" \/>\n\t<meta name=\"twitter:data1\" content=\"miha\" \/>\n\t<meta name=\"twitter:label2\" content=\"Est. reading time\" \/>\n\t<meta name=\"twitter:data2\" content=\"7 minut\" \/>\n<script type=\"application\/ld+json\" class=\"yoast-schema-graph\">{\"@context\":\"https:\\\/\\\/schema.org\",\"@graph\":[{\"@type\":\"Article\",\"@id\":\"https:\\\/\\\/tadejpogacar.com\\\/sl\\\/blog\\\/v-komendi-boljse-vzdusje-kot-na-alpe-dhuezu\\\/#article\",\"isPartOf\":{\"@id\":\"https:\\\/\\\/tadejpogacar.com\\\/sl\\\/blog\\\/v-komendi-boljse-vzdusje-kot-na-alpe-dhuezu\\\/\"},\"author\":{\"name\":\"miha\",\"@id\":\"https:\\\/\\\/tadejpogacar.com\\\/sl\\\/#\\\/schema\\\/person\\\/fe142a194ce84b68b083d8af63afbd4f\"},\"headline\":\"V Komendi bolj\u0161e vzdu\u0161je kot na Alpe d&#8217;Huezu\",\"datePublished\":\"2026-08-01T10:01:18+00:00\",\"dateModified\":\"2026-08-01T10:01:19+00:00\",\"mainEntityOfPage\":{\"@id\":\"https:\\\/\\\/tadejpogacar.com\\\/sl\\\/blog\\\/v-komendi-boljse-vzdusje-kot-na-alpe-dhuezu\\\/\"},\"wordCount\":1127,\"publisher\":{\"@id\":\"https:\\\/\\\/tadejpogacar.com\\\/sl\\\/#organization\"},\"image\":{\"@id\":\"https:\\\/\\\/tadejpogacar.com\\\/sl\\\/blog\\\/v-komendi-boljse-vzdusje-kot-na-alpe-dhuezu\\\/#primaryimage\"},\"thumbnailUrl\":\"https:\\\/\\\/tadejpogacar.com\\\/sl\\\/wp-content\\\/uploads\\\/sites\\\/3\\\/2026\\\/08\\\/Pogi-dirka.jpg\",\"articleSection\":[\"Novice\"],\"inLanguage\":\"sl-SI\"},{\"@type\":\"WebPage\",\"@id\":\"https:\\\/\\\/tadejpogacar.com\\\/sl\\\/blog\\\/v-komendi-boljse-vzdusje-kot-na-alpe-dhuezu\\\/\",\"url\":\"https:\\\/\\\/tadejpogacar.com\\\/sl\\\/blog\\\/v-komendi-boljse-vzdusje-kot-na-alpe-dhuezu\\\/\",\"name\":\"V Komendi bolj\u0161e vzdu\u0161je kot na Alpe d'Huezu - Tadej Poga\u010dar\",\"isPartOf\":{\"@id\":\"https:\\\/\\\/tadejpogacar.com\\\/sl\\\/#website\"},\"primaryImageOfPage\":{\"@id\":\"https:\\\/\\\/tadejpogacar.com\\\/sl\\\/blog\\\/v-komendi-boljse-vzdusje-kot-na-alpe-dhuezu\\\/#primaryimage\"},\"image\":{\"@id\":\"https:\\\/\\\/tadejpogacar.com\\\/sl\\\/blog\\\/v-komendi-boljse-vzdusje-kot-na-alpe-dhuezu\\\/#primaryimage\"},\"thumbnailUrl\":\"https:\\\/\\\/tadejpogacar.com\\\/sl\\\/wp-content\\\/uploads\\\/sites\\\/3\\\/2026\\\/08\\\/Pogi-dirka.jpg\",\"datePublished\":\"2026-08-01T10:01:18+00:00\",\"dateModified\":\"2026-08-01T10:01:19+00:00\",\"breadcrumb\":{\"@id\":\"https:\\\/\\\/tadejpogacar.com\\\/sl\\\/blog\\\/v-komendi-boljse-vzdusje-kot-na-alpe-dhuezu\\\/#breadcrumb\"},\"inLanguage\":\"sl-SI\",\"potentialAction\":[{\"@type\":\"ReadAction\",\"target\":[\"https:\\\/\\\/tadejpogacar.com\\\/sl\\\/blog\\\/v-komendi-boljse-vzdusje-kot-na-alpe-dhuezu\\\/\"]}]},{\"@type\":\"ImageObject\",\"inLanguage\":\"sl-SI\",\"@id\":\"https:\\\/\\\/tadejpogacar.com\\\/sl\\\/blog\\\/v-komendi-boljse-vzdusje-kot-na-alpe-dhuezu\\\/#primaryimage\",\"url\":\"https:\\\/\\\/tadejpogacar.com\\\/sl\\\/wp-content\\\/uploads\\\/sites\\\/3\\\/2026\\\/08\\\/Pogi-dirka.jpg\",\"contentUrl\":\"https:\\\/\\\/tadejpogacar.com\\\/sl\\\/wp-content\\\/uploads\\\/sites\\\/3\\\/2026\\\/08\\\/Pogi-dirka.jpg\",\"width\":568,\"height\":779},{\"@type\":\"BreadcrumbList\",\"@id\":\"https:\\\/\\\/tadejpogacar.com\\\/sl\\\/blog\\\/v-komendi-boljse-vzdusje-kot-na-alpe-dhuezu\\\/#breadcrumb\",\"itemListElement\":[{\"@type\":\"ListItem\",\"position\":1,\"name\":\"Home\",\"item\":\"https:\\\/\\\/tadejpogacar.com\\\/sl\\\/\"},{\"@type\":\"ListItem\",\"position\":2,\"name\":\"V Komendi bolj\u0161e vzdu\u0161je kot na Alpe d&#8217;Huezu\"}]},{\"@type\":\"WebSite\",\"@id\":\"https:\\\/\\\/tadejpogacar.com\\\/sl\\\/#website\",\"url\":\"https:\\\/\\\/tadejpogacar.com\\\/sl\\\/\",\"name\":\"Tadej Poga\u010dar\",\"description\":\"Uradna spletna stran\",\"publisher\":{\"@id\":\"https:\\\/\\\/tadejpogacar.com\\\/sl\\\/#organization\"},\"potentialAction\":[{\"@type\":\"SearchAction\",\"target\":{\"@type\":\"EntryPoint\",\"urlTemplate\":\"https:\\\/\\\/tadejpogacar.com\\\/sl\\\/?s={search_term_string}\"},\"query-input\":{\"@type\":\"PropertyValueSpecification\",\"valueRequired\":true,\"valueName\":\"search_term_string\"}}],\"inLanguage\":\"sl-SI\"},{\"@type\":\"Organization\",\"@id\":\"https:\\\/\\\/tadejpogacar.com\\\/sl\\\/#organization\",\"name\":\"Na klancu d.o.o.\",\"url\":\"https:\\\/\\\/tadejpogacar.com\\\/sl\\\/\",\"logo\":{\"@type\":\"ImageObject\",\"inLanguage\":\"sl-SI\",\"@id\":\"https:\\\/\\\/tadejpogacar.com\\\/sl\\\/#\\\/schema\\\/logo\\\/image\\\/\",\"url\":\"https:\\\/\\\/tadejpogacar.com\\\/sl\\\/wp-content\\\/uploads\\\/sites\\\/3\\\/2024\\\/08\\\/TadejPogacar.webp\",\"contentUrl\":\"https:\\\/\\\/tadejpogacar.com\\\/sl\\\/wp-content\\\/uploads\\\/sites\\\/3\\\/2024\\\/08\\\/TadejPogacar.webp\",\"width\":300,\"height\":68,\"caption\":\"Na klancu d.o.o.\"},\"image\":{\"@id\":\"https:\\\/\\\/tadejpogacar.com\\\/sl\\\/#\\\/schema\\\/logo\\\/image\\\/\"},\"sameAs\":[\"https:\\\/\\\/www.facebook.com\\\/Tadej-Pogaar-Brand-108786571960953\",\"https:\\\/\\\/x.com\\\/TamauPogi\",\"https:\\\/\\\/www.instagram.com\\\/tadejpogacar\\\/\",\"https:\\\/\\\/www.youtube.com\\\/c\\\/TadejPogacarOfficial\\\/videos\"]},{\"@type\":\"Person\",\"@id\":\"https:\\\/\\\/tadejpogacar.com\\\/sl\\\/#\\\/schema\\\/person\\\/fe142a194ce84b68b083d8af63afbd4f\",\"name\":\"miha\",\"image\":{\"@type\":\"ImageObject\",\"inLanguage\":\"sl-SI\",\"@id\":\"https:\\\/\\\/secure.gravatar.com\\\/avatar\\\/af93e829a77aef260157fcd424e42411a045467d8199a8f88d0b2cdeb17e056c?s=96&d=mm&r=g\",\"url\":\"https:\\\/\\\/secure.gravatar.com\\\/avatar\\\/af93e829a77aef260157fcd424e42411a045467d8199a8f88d0b2cdeb17e056c?s=96&d=mm&r=g\",\"contentUrl\":\"https:\\\/\\\/secure.gravatar.com\\\/avatar\\\/af93e829a77aef260157fcd424e42411a045467d8199a8f88d0b2cdeb17e056c?s=96&d=mm&r=g\",\"caption\":\"miha\"},\"url\":\"https:\\\/\\\/tadejpogacar.com\\\/sl\\\/blog\\\/author\\\/miha\\\/\"}]}<\/script>\n<!-- \/ Yoast SEO plugin. -->","yoast_head_json":{"title":"V Komendi bolj\u0161e vzdu\u0161je kot na Alpe d'Huezu - Tadej Poga\u010dar","robots":{"index":"index","follow":"follow","max-snippet":"max-snippet:-1","max-image-preview":"max-image-preview:large","max-video-preview":"max-video-preview:-1"},"canonical":"https:\/\/tadejpogacar.com\/sl\/blog\/v-komendi-boljse-vzdusje-kot-na-alpe-dhuezu\/","og_locale":"sl_SI","og_type":"article","og_title":"V Komendi bolj\u0161e vzdu\u0161je kot na Alpe d'Huezu - Tadej Poga\u010dar","og_description":"Tadejev doma\u010di kraj se je ta konec tedna spremenil v kolesarsko sredi\u0161\u010de sveta. Klanec pri Komendi tri dni praznuje njegovo","og_url":"https:\/\/tadejpogacar.com\/sl\/blog\/v-komendi-boljse-vzdusje-kot-na-alpe-dhuezu\/","og_site_name":"Tadej Poga\u010dar","article_publisher":"https:\/\/www.facebook.com\/Tadej-Pogaar-Brand-108786571960953","article_published_time":"2026-08-01T10:01:18+00:00","article_modified_time":"2026-08-01T10:01:19+00:00","og_image":[{"width":568,"height":779,"url":"https:\/\/tadejpogacar.com\/sl\/wp-content\/uploads\/sites\/3\/2026\/08\/Pogi-dirka.jpg","type":"image\/jpeg"}],"author":"miha","twitter_card":"summary_large_image","twitter_creator":"@TamauPogi","twitter_site":"@TamauPogi","twitter_misc":{"Written by":"miha","Est. reading time":"7 minut"},"schema":{"@context":"https:\/\/schema.org","@graph":[{"@type":"Article","@id":"https:\/\/tadejpogacar.com\/sl\/blog\/v-komendi-boljse-vzdusje-kot-na-alpe-dhuezu\/#article","isPartOf":{"@id":"https:\/\/tadejpogacar.com\/sl\/blog\/v-komendi-boljse-vzdusje-kot-na-alpe-dhuezu\/"},"author":{"name":"miha","@id":"https:\/\/tadejpogacar.com\/sl\/#\/schema\/person\/fe142a194ce84b68b083d8af63afbd4f"},"headline":"V Komendi bolj\u0161e vzdu\u0161je kot na Alpe d&#8217;Huezu","datePublished":"2026-08-01T10:01:18+00:00","dateModified":"2026-08-01T10:01:19+00:00","mainEntityOfPage":{"@id":"https:\/\/tadejpogacar.com\/sl\/blog\/v-komendi-boljse-vzdusje-kot-na-alpe-dhuezu\/"},"wordCount":1127,"publisher":{"@id":"https:\/\/tadejpogacar.com\/sl\/#organization"},"image":{"@id":"https:\/\/tadejpogacar.com\/sl\/blog\/v-komendi-boljse-vzdusje-kot-na-alpe-dhuezu\/#primaryimage"},"thumbnailUrl":"https:\/\/tadejpogacar.com\/sl\/wp-content\/uploads\/sites\/3\/2026\/08\/Pogi-dirka.jpg","articleSection":["Novice"],"inLanguage":"sl-SI"},{"@type":"WebPage","@id":"https:\/\/tadejpogacar.com\/sl\/blog\/v-komendi-boljse-vzdusje-kot-na-alpe-dhuezu\/","url":"https:\/\/tadejpogacar.com\/sl\/blog\/v-komendi-boljse-vzdusje-kot-na-alpe-dhuezu\/","name":"V Komendi bolj\u0161e vzdu\u0161je kot na Alpe d'Huezu - Tadej Poga\u010dar","isPartOf":{"@id":"https:\/\/tadejpogacar.com\/sl\/#website"},"primaryImageOfPage":{"@id":"https:\/\/tadejpogacar.com\/sl\/blog\/v-komendi-boljse-vzdusje-kot-na-alpe-dhuezu\/#primaryimage"},"image":{"@id":"https:\/\/tadejpogacar.com\/sl\/blog\/v-komendi-boljse-vzdusje-kot-na-alpe-dhuezu\/#primaryimage"},"thumbnailUrl":"https:\/\/tadejpogacar.com\/sl\/wp-content\/uploads\/sites\/3\/2026\/08\/Pogi-dirka.jpg","datePublished":"2026-08-01T10:01:18+00:00","dateModified":"2026-08-01T10:01:19+00:00","breadcrumb":{"@id":"https:\/\/tadejpogacar.com\/sl\/blog\/v-komendi-boljse-vzdusje-kot-na-alpe-dhuezu\/#breadcrumb"},"inLanguage":"sl-SI","potentialAction":[{"@type":"ReadAction","target":["https:\/\/tadejpogacar.com\/sl\/blog\/v-komendi-boljse-vzdusje-kot-na-alpe-dhuezu\/"]}]},{"@type":"ImageObject","inLanguage":"sl-SI","@id":"https:\/\/tadejpogacar.com\/sl\/blog\/v-komendi-boljse-vzdusje-kot-na-alpe-dhuezu\/#primaryimage","url":"https:\/\/tadejpogacar.com\/sl\/wp-content\/uploads\/sites\/3\/2026\/08\/Pogi-dirka.jpg","contentUrl":"https:\/\/tadejpogacar.com\/sl\/wp-content\/uploads\/sites\/3\/2026\/08\/Pogi-dirka.jpg","width":568,"height":779},{"@type":"BreadcrumbList","@id":"https:\/\/tadejpogacar.com\/sl\/blog\/v-komendi-boljse-vzdusje-kot-na-alpe-dhuezu\/#breadcrumb","itemListElement":[{"@type":"ListItem","position":1,"name":"Home","item":"https:\/\/tadejpogacar.com\/sl\/"},{"@type":"ListItem","position":2,"name":"V Komendi bolj\u0161e vzdu\u0161je kot na Alpe d&#8217;Huezu"}]},{"@type":"WebSite","@id":"https:\/\/tadejpogacar.com\/sl\/#website","url":"https:\/\/tadejpogacar.com\/sl\/","name":"Tadej Poga\u010dar","description":"Uradna spletna stran","publisher":{"@id":"https:\/\/tadejpogacar.com\/sl\/#organization"},"potentialAction":[{"@type":"SearchAction","target":{"@type":"EntryPoint","urlTemplate":"https:\/\/tadejpogacar.com\/sl\/?s={search_term_string}"},"query-input":{"@type":"PropertyValueSpecification","valueRequired":true,"valueName":"search_term_string"}}],"inLanguage":"sl-SI"},{"@type":"Organization","@id":"https:\/\/tadejpogacar.com\/sl\/#organization","name":"Na klancu d.o.o.","url":"https:\/\/tadejpogacar.com\/sl\/","logo":{"@type":"ImageObject","inLanguage":"sl-SI","@id":"https:\/\/tadejpogacar.com\/sl\/#\/schema\/logo\/image\/","url":"https:\/\/tadejpogacar.com\/sl\/wp-content\/uploads\/sites\/3\/2024\/08\/TadejPogacar.webp","contentUrl":"https:\/\/tadejpogacar.com\/sl\/wp-content\/uploads\/sites\/3\/2024\/08\/TadejPogacar.webp","width":300,"height":68,"caption":"Na klancu d.o.o."},"image":{"@id":"https:\/\/tadejpogacar.com\/sl\/#\/schema\/logo\/image\/"},"sameAs":["https:\/\/www.facebook.com\/Tadej-Pogaar-Brand-108786571960953","https:\/\/x.com\/TamauPogi","https:\/\/www.instagram.com\/tadejpogacar\/","https:\/\/www.youtube.com\/c\/TadejPogacarOfficial\/videos"]},{"@type":"Person","@id":"https:\/\/tadejpogacar.com\/sl\/#\/schema\/person\/fe142a194ce84b68b083d8af63afbd4f","name":"miha","image":{"@type":"ImageObject","inLanguage":"sl-SI","@id":"https:\/\/secure.gravatar.com\/avatar\/af93e829a77aef260157fcd424e42411a045467d8199a8f88d0b2cdeb17e056c?s=96&d=mm&r=g","url":"https:\/\/secure.gravatar.com\/avatar\/af93e829a77aef260157fcd424e42411a045467d8199a8f88d0b2cdeb17e056c?s=96&d=mm&r=g","contentUrl":"https:\/\/secure.gravatar.com\/avatar\/af93e829a77aef260157fcd424e42411a045467d8199a8f88d0b2cdeb17e056c?s=96&d=mm&r=g","caption":"miha"},"url":"https:\/\/tadejpogacar.com\/sl\/blog\/author\/miha\/"}]}},"_links":{"self":[{"href":"https:\/\/tadejpogacar.com\/sl\/wp-json\/wp\/v2\/posts\/6631","targetHints":{"allow":["GET"]}}],"collection":[{"href":"https:\/\/tadejpogacar.com\/sl\/wp-json\/wp\/v2\/posts"}],"about":[{"href":"https:\/\/tadejpogacar.com\/sl\/wp-json\/wp\/v2\/types\/post"}],"author":[{"embeddable":true,"href":"https:\/\/tadejpogacar.com\/sl\/wp-json\/wp\/v2\/users\/1094"}],"replies":[{"embeddable":true,"href":"https:\/\/tadejpogacar.com\/sl\/wp-json\/wp\/v2\/comments?post=6631"}],"version-history":[{"count":2,"href":"https:\/\/tadejpogacar.com\/sl\/wp-json\/wp\/v2\/posts\/6631\/revisions"}],"predecessor-version":[{"id":6636,"href":"https:\/\/tadejpogacar.com\/sl\/wp-json\/wp\/v2\/posts\/6631\/revisions\/6636"}],"wp:featuredmedia":[{"embeddable":true,"href":"https:\/\/tadejpogacar.com\/sl\/wp-json\/wp\/v2\/media\/6633"}],"wp:attachment":[{"href":"https:\/\/tadejpogacar.com\/sl\/wp-json\/wp\/v2\/media?parent=6631"}],"wp:term":[{"taxonomy":"category","embeddable":true,"href":"https:\/\/tadejpogacar.com\/sl\/wp-json\/wp\/v2\/categories?post=6631"},{"taxonomy":"post_tag","embeddable":true,"href":"https:\/\/tadejpogacar.com\/sl\/wp-json\/wp\/v2\/tags?post=6631"}],"curies":[{"name":"wp","href":"https:\/\/api.w.org\/{rel}","templated":true}]}}