{"id":6430,"date":"2026-07-12T22:49:22","date_gmt":"2026-07-12T20:49:22","guid":{"rendered":"https:\/\/tadejpogacar.com\/sl\/?p=6430"},"modified":"2026-07-12T22:49:23","modified_gmt":"2026-07-12T20:49:23","slug":"koncno-prihaja-dan-pocitka-2","status":"publish","type":"post","link":"https:\/\/tadejpogacar.com\/sl\/blog\/koncno-prihaja-dan-pocitka-2\/","title":{"rendered":"Kon\u010dno prihaja dan po\u010ditka"},"content":{"rendered":"\n<p class=\"wp-block-paragraph\">Prvi teden 113. Toura se je kon\u010dal z zmago Mathieuja van der Poela (Alpecin Premier Tech) v skraj\u0161ani 9. etapi. Nizozemec je dobil \u0161print \u010detverice ube\u017enikov, Tadej pa je v cilj prikolesaril na 11. mestu, v zmanj\u0161ani glavnini, ki je za zmagovalcem zaostala \u0161est sekund.<\/p>\n\n\n\n<p class=\"wp-block-paragraph\">\u00bbNismo lovili etapne zmage, odlo\u010dili smo se, da bomo ube\u017enike dr\u017eali na razdalji ene minute. To nam je dajalo dober ob\u010dutek. Nato so pri\u0161li kolesarji Ineosa in za\u010deli narekovati tempo z ambicijo, da bi dobili etapo s Filippom Ganno. Dan je bil zelo zahteven,\u00ab je Tadej povedal o zadnji preizku\u0161nji uvodnega tedna dirke po Franciji.<\/p>\n\n\n\n<p class=\"wp-block-paragraph\">Kon\u010dal ga je v rumeni majici, ki jo je drugi\u010d na tej dirki \u2013 en dan jo je nosil tudi po zmagi v 3. etapi \u2013 oblekel po 6. etapi v Pirenejih. V njej je slavil izjemno zmago, potem ko je napadel na vzponu na Tourmalet in si prikolesaril prepri\u010dljivo prednost 2:42 pred prvim zasledovalcem Jonasom Vingegaardom (Visma Lease a Bike). S tak\u0161nim naskokom gre Tadej v te\u017eko pri\u010dakovani prvi dan po\u010ditka na Touru.<\/p>\n\n\n\n<p class=\"wp-block-paragraph\">\u00bbZaenkrat gre vse dobro, ne morem se prito\u017eevati. Grand d\u00e9part je bil neverjeten z ekipnim kronometrom v Barceloni, nato pa je sledilo nekaj te\u017ekih dni, v katerih so se naredile prve razlike v skupnem se\u0161tevku. Mislim, da je to vedno dobro, zato so prvi dnevi manj kaoti\u010dni,\u00ab je s prvem delom dirke zadovoljen Tadej.<\/p>\n\n\n\n<p class=\"wp-block-paragraph\">Manj tveganja in stresa je prinesel tudi dogovor med kandidati za kon\u010dno zmago, da v zaklju\u010dkih \u0161printerskih etap kolesarijo v ozadju glavnine. \u00bbVedno bo obstajala mo\u017enost padcev, a mislim, da smo to precej dobro obvladali. Zato hvala tudi vsem drugim kandidatom za skupno zmago, ki spo\u0161tujejo dogovor. Zaenkrat je to eden od najbolj prijetnih Tourov, razen vro\u010dine,\u00ab je nadaljeval Tadej.<\/p>\n\n\n\n<p class=\"wp-block-paragraph\">Tako kot tekmeci se je moral s svojo ekipo UAE Team Emirates tudi on spopasti s hudo pripeko na katalonskih in nato \u0161e na francoskih cestah. Tudi dana\u0161njo etapo v Centralnem masivu, ki se je kon\u010dala pri 37 stopinjah Celzija, so zaradi rde\u010dega vro\u010dinskega alarma prireditelji skraj\u0161ali za 30 kilometrov.<\/p>\n\n\n\n<p class=\"wp-block-paragraph\">Kolesarje re\u0161uje predvsem to, da so njihove ekipe dobro pripravljene za tak\u0161ne razmere. \u00bbEna od najve\u010djih sprememb, ki smo jih naredili, je organizacija okoli prehranjevanja, res dobra hidracija in prehrana, ker je ta Tour peklensko vro\u010d. Kljub temu je moja telesna temperatura verjetno ni\u017eja, kot je bila leta 2022 ali na katerem koli Touru prej. Zelo smo osredoto\u010deni na ohlajanje in mislim, da je to velika razlika,\u00ab je dodal Tadej.<\/p>\n\n\n\n<p class=\"wp-block-paragraph\">Tako kot vsi v pelotonu se tudi on veseli prvega dneva brez dirkanja: \u00bbUpam, da bo to miren dan, da bomo lahkotno zavrteli padala in se lepo odpo\u010dili.\u00ab<\/p>\n\n\n\n<p class=\"wp-block-paragraph\">Od torka, ko je na dan Bastilje na sporedu zahtevna gorska etapa v Centralnem masivu, ga \u010daka nadaljevanje dirke, v katerem bo skupaj z mo\u0161tvenimi kolegi branil rumeno majico, a br\u017ekone napadal tudi nove etapne zmage. \u00bbGlavni cilj je obramba rumene majice, a v\u010dasih je najbolj\u0161a obramba napad. Bomo videli, kaj se bo zgodilo v naslednjih dneh. Dan po premoru bo spet zelo te\u017eak za na\u0161o ekipo, bomo videli,\u00ab je \u0161e povedal Tadej.<\/p>\n","protected":false},"excerpt":{"rendered":"<p>Prvi teden 113. Toura se je kon\u010dal z zmago Mathieuja van der Poela (Alpecin Premier Tech) v skraj\u0161ani 9. etapi.<\/p>\n","protected":false},"author":1094,"featured_media":6432,"comment_status":"closed","ping_status":"closed","sticky":false,"template":"","format":"standard","meta":{"_acf_changed":false,"iawp_total_views":24,"footnotes":""},"categories":[1],"tags":[],"class_list":["post-6430","post","type-post","status-publish","format-standard","has-post-thumbnail","hentry","category-novice"],"acf":[],"yoast_head":"<!-- This site is optimized with the Yoast SEO plugin v27.8 - https:\/\/yoast.com\/product\/yoast-seo-wordpress\/ -->\n<title>Kon\u010dno prihaja dan po\u010ditka - Tadej Poga\u010dar<\/title>\n<meta name=\"robots\" content=\"index, follow, max-snippet:-1, max-image-preview:large, max-video-preview:-1\" \/>\n<link rel=\"canonical\" href=\"https:\/\/tadejpogacar.com\/sl\/blog\/koncno-prihaja-dan-pocitka-2\/\" \/>\n<meta property=\"og:locale\" content=\"sl_SI\" \/>\n<meta property=\"og:type\" content=\"article\" \/>\n<meta property=\"og:title\" content=\"Kon\u010dno prihaja dan po\u010ditka - Tadej Poga\u010dar\" \/>\n<meta property=\"og:description\" content=\"Prvi teden 113. Toura se je kon\u010dal z zmago Mathieuja van der Poela (Alpecin Premier Tech) v skraj\u0161ani 9. etapi.\" \/>\n<meta property=\"og:url\" content=\"https:\/\/tadejpogacar.com\/sl\/blog\/koncno-prihaja-dan-pocitka-2\/\" \/>\n<meta property=\"og:site_name\" content=\"Tadej Poga\u010dar\" \/>\n<meta property=\"article:publisher\" content=\"https:\/\/www.facebook.com\/Tadej-Pogaar-Brand-108786571960953\" \/>\n<meta property=\"article:published_time\" content=\"2026-07-12T20:49:22+00:00\" \/>\n<meta property=\"article:modified_time\" content=\"2026-07-12T20:49:23+00:00\" \/>\n<meta property=\"og:image\" content=\"https:\/\/tadejpogacar.com\/sl\/wp-content\/uploads\/sites\/3\/2026\/07\/Pogi-prvi-teden.jpg\" \/>\n\t<meta property=\"og:image:width\" content=\"1333\" \/>\n\t<meta property=\"og:image:height\" content=\"2000\" \/>\n\t<meta property=\"og:image:type\" content=\"image\/jpeg\" \/>\n<meta name=\"author\" content=\"miha\" \/>\n<meta name=\"twitter:card\" content=\"summary_large_image\" \/>\n<meta name=\"twitter:creator\" content=\"@TamauPogi\" \/>\n<meta name=\"twitter:site\" content=\"@TamauPogi\" \/>\n<meta name=\"twitter:label1\" content=\"Written by\" \/>\n\t<meta name=\"twitter:data1\" content=\"miha\" \/>\n\t<meta name=\"twitter:label2\" content=\"Est. reading time\" \/>\n\t<meta name=\"twitter:data2\" content=\"4 minute\" \/>\n<script type=\"application\/ld+json\" class=\"yoast-schema-graph\">{\"@context\":\"https:\\\/\\\/schema.org\",\"@graph\":[{\"@type\":\"Article\",\"@id\":\"https:\\\/\\\/tadejpogacar.com\\\/sl\\\/blog\\\/koncno-prihaja-dan-pocitka-2\\\/#article\",\"isPartOf\":{\"@id\":\"https:\\\/\\\/tadejpogacar.com\\\/sl\\\/blog\\\/koncno-prihaja-dan-pocitka-2\\\/\"},\"author\":{\"name\":\"miha\",\"@id\":\"https:\\\/\\\/tadejpogacar.com\\\/sl\\\/#\\\/schema\\\/person\\\/fe142a194ce84b68b083d8af63afbd4f\"},\"headline\":\"Kon\u010dno prihaja dan po\u010ditka\",\"datePublished\":\"2026-07-12T20:49:22+00:00\",\"dateModified\":\"2026-07-12T20:49:23+00:00\",\"mainEntityOfPage\":{\"@id\":\"https:\\\/\\\/tadejpogacar.com\\\/sl\\\/blog\\\/koncno-prihaja-dan-pocitka-2\\\/\"},\"wordCount\":548,\"publisher\":{\"@id\":\"https:\\\/\\\/tadejpogacar.com\\\/sl\\\/#organization\"},\"image\":{\"@id\":\"https:\\\/\\\/tadejpogacar.com\\\/sl\\\/blog\\\/koncno-prihaja-dan-pocitka-2\\\/#primaryimage\"},\"thumbnailUrl\":\"https:\\\/\\\/tadejpogacar.com\\\/sl\\\/wp-content\\\/uploads\\\/sites\\\/3\\\/2026\\\/07\\\/Pogi-prvi-teden.jpg\",\"articleSection\":[\"Novice\"],\"inLanguage\":\"sl-SI\"},{\"@type\":\"WebPage\",\"@id\":\"https:\\\/\\\/tadejpogacar.com\\\/sl\\\/blog\\\/koncno-prihaja-dan-pocitka-2\\\/\",\"url\":\"https:\\\/\\\/tadejpogacar.com\\\/sl\\\/blog\\\/koncno-prihaja-dan-pocitka-2\\\/\",\"name\":\"Kon\u010dno prihaja dan po\u010ditka - Tadej Poga\u010dar\",\"isPartOf\":{\"@id\":\"https:\\\/\\\/tadejpogacar.com\\\/sl\\\/#website\"},\"primaryImageOfPage\":{\"@id\":\"https:\\\/\\\/tadejpogacar.com\\\/sl\\\/blog\\\/koncno-prihaja-dan-pocitka-2\\\/#primaryimage\"},\"image\":{\"@id\":\"https:\\\/\\\/tadejpogacar.com\\\/sl\\\/blog\\\/koncno-prihaja-dan-pocitka-2\\\/#primaryimage\"},\"thumbnailUrl\":\"https:\\\/\\\/tadejpogacar.com\\\/sl\\\/wp-content\\\/uploads\\\/sites\\\/3\\\/2026\\\/07\\\/Pogi-prvi-teden.jpg\",\"datePublished\":\"2026-07-12T20:49:22+00:00\",\"dateModified\":\"2026-07-12T20:49:23+00:00\",\"breadcrumb\":{\"@id\":\"https:\\\/\\\/tadejpogacar.com\\\/sl\\\/blog\\\/koncno-prihaja-dan-pocitka-2\\\/#breadcrumb\"},\"inLanguage\":\"sl-SI\",\"potentialAction\":[{\"@type\":\"ReadAction\",\"target\":[\"https:\\\/\\\/tadejpogacar.com\\\/sl\\\/blog\\\/koncno-prihaja-dan-pocitka-2\\\/\"]}]},{\"@type\":\"ImageObject\",\"inLanguage\":\"sl-SI\",\"@id\":\"https:\\\/\\\/tadejpogacar.com\\\/sl\\\/blog\\\/koncno-prihaja-dan-pocitka-2\\\/#primaryimage\",\"url\":\"https:\\\/\\\/tadejpogacar.com\\\/sl\\\/wp-content\\\/uploads\\\/sites\\\/3\\\/2026\\\/07\\\/Pogi-prvi-teden.jpg\",\"contentUrl\":\"https:\\\/\\\/tadejpogacar.com\\\/sl\\\/wp-content\\\/uploads\\\/sites\\\/3\\\/2026\\\/07\\\/Pogi-prvi-teden.jpg\",\"width\":1333,\"height\":2000},{\"@type\":\"BreadcrumbList\",\"@id\":\"https:\\\/\\\/tadejpogacar.com\\\/sl\\\/blog\\\/koncno-prihaja-dan-pocitka-2\\\/#breadcrumb\",\"itemListElement\":[{\"@type\":\"ListItem\",\"position\":1,\"name\":\"Home\",\"item\":\"https:\\\/\\\/tadejpogacar.com\\\/sl\\\/\"},{\"@type\":\"ListItem\",\"position\":2,\"name\":\"Kon\u010dno prihaja dan po\u010ditka\"}]},{\"@type\":\"WebSite\",\"@id\":\"https:\\\/\\\/tadejpogacar.com\\\/sl\\\/#website\",\"url\":\"https:\\\/\\\/tadejpogacar.com\\\/sl\\\/\",\"name\":\"Tadej Poga\u010dar\",\"description\":\"Uradna spletna stran\",\"publisher\":{\"@id\":\"https:\\\/\\\/tadejpogacar.com\\\/sl\\\/#organization\"},\"potentialAction\":[{\"@type\":\"SearchAction\",\"target\":{\"@type\":\"EntryPoint\",\"urlTemplate\":\"https:\\\/\\\/tadejpogacar.com\\\/sl\\\/?s={search_term_string}\"},\"query-input\":{\"@type\":\"PropertyValueSpecification\",\"valueRequired\":true,\"valueName\":\"search_term_string\"}}],\"inLanguage\":\"sl-SI\"},{\"@type\":\"Organization\",\"@id\":\"https:\\\/\\\/tadejpogacar.com\\\/sl\\\/#organization\",\"name\":\"Na klancu d.o.o.\",\"url\":\"https:\\\/\\\/tadejpogacar.com\\\/sl\\\/\",\"logo\":{\"@type\":\"ImageObject\",\"inLanguage\":\"sl-SI\",\"@id\":\"https:\\\/\\\/tadejpogacar.com\\\/sl\\\/#\\\/schema\\\/logo\\\/image\\\/\",\"url\":\"https:\\\/\\\/tadejpogacar.com\\\/sl\\\/wp-content\\\/uploads\\\/sites\\\/3\\\/2024\\\/08\\\/TadejPogacar.webp\",\"contentUrl\":\"https:\\\/\\\/tadejpogacar.com\\\/sl\\\/wp-content\\\/uploads\\\/sites\\\/3\\\/2024\\\/08\\\/TadejPogacar.webp\",\"width\":300,\"height\":68,\"caption\":\"Na klancu d.o.o.\"},\"image\":{\"@id\":\"https:\\\/\\\/tadejpogacar.com\\\/sl\\\/#\\\/schema\\\/logo\\\/image\\\/\"},\"sameAs\":[\"https:\\\/\\\/www.facebook.com\\\/Tadej-Pogaar-Brand-108786571960953\",\"https:\\\/\\\/x.com\\\/TamauPogi\",\"https:\\\/\\\/www.instagram.com\\\/tadejpogacar\\\/\",\"https:\\\/\\\/www.youtube.com\\\/c\\\/TadejPogacarOfficial\\\/videos\"]},{\"@type\":\"Person\",\"@id\":\"https:\\\/\\\/tadejpogacar.com\\\/sl\\\/#\\\/schema\\\/person\\\/fe142a194ce84b68b083d8af63afbd4f\",\"name\":\"miha\",\"image\":{\"@type\":\"ImageObject\",\"inLanguage\":\"sl-SI\",\"@id\":\"https:\\\/\\\/secure.gravatar.com\\\/avatar\\\/af93e829a77aef260157fcd424e42411a045467d8199a8f88d0b2cdeb17e056c?s=96&d=mm&r=g\",\"url\":\"https:\\\/\\\/secure.gravatar.com\\\/avatar\\\/af93e829a77aef260157fcd424e42411a045467d8199a8f88d0b2cdeb17e056c?s=96&d=mm&r=g\",\"contentUrl\":\"https:\\\/\\\/secure.gravatar.com\\\/avatar\\\/af93e829a77aef260157fcd424e42411a045467d8199a8f88d0b2cdeb17e056c?s=96&d=mm&r=g\",\"caption\":\"miha\"},\"url\":\"https:\\\/\\\/tadejpogacar.com\\\/sl\\\/blog\\\/author\\\/miha\\\/\"}]}<\/script>\n<!-- \/ Yoast SEO plugin. -->","yoast_head_json":{"title":"Kon\u010dno prihaja dan po\u010ditka - Tadej Poga\u010dar","robots":{"index":"index","follow":"follow","max-snippet":"max-snippet:-1","max-image-preview":"max-image-preview:large","max-video-preview":"max-video-preview:-1"},"canonical":"https:\/\/tadejpogacar.com\/sl\/blog\/koncno-prihaja-dan-pocitka-2\/","og_locale":"sl_SI","og_type":"article","og_title":"Kon\u010dno prihaja dan po\u010ditka - Tadej Poga\u010dar","og_description":"Prvi teden 113. Toura se je kon\u010dal z zmago Mathieuja van der Poela (Alpecin Premier Tech) v skraj\u0161ani 9. etapi.","og_url":"https:\/\/tadejpogacar.com\/sl\/blog\/koncno-prihaja-dan-pocitka-2\/","og_site_name":"Tadej Poga\u010dar","article_publisher":"https:\/\/www.facebook.com\/Tadej-Pogaar-Brand-108786571960953","article_published_time":"2026-07-12T20:49:22+00:00","article_modified_time":"2026-07-12T20:49:23+00:00","og_image":[{"width":1333,"height":2000,"url":"https:\/\/tadejpogacar.com\/sl\/wp-content\/uploads\/sites\/3\/2026\/07\/Pogi-prvi-teden.jpg","type":"image\/jpeg"}],"author":"miha","twitter_card":"summary_large_image","twitter_creator":"@TamauPogi","twitter_site":"@TamauPogi","twitter_misc":{"Written by":"miha","Est. reading time":"4 minute"},"schema":{"@context":"https:\/\/schema.org","@graph":[{"@type":"Article","@id":"https:\/\/tadejpogacar.com\/sl\/blog\/koncno-prihaja-dan-pocitka-2\/#article","isPartOf":{"@id":"https:\/\/tadejpogacar.com\/sl\/blog\/koncno-prihaja-dan-pocitka-2\/"},"author":{"name":"miha","@id":"https:\/\/tadejpogacar.com\/sl\/#\/schema\/person\/fe142a194ce84b68b083d8af63afbd4f"},"headline":"Kon\u010dno prihaja dan po\u010ditka","datePublished":"2026-07-12T20:49:22+00:00","dateModified":"2026-07-12T20:49:23+00:00","mainEntityOfPage":{"@id":"https:\/\/tadejpogacar.com\/sl\/blog\/koncno-prihaja-dan-pocitka-2\/"},"wordCount":548,"publisher":{"@id":"https:\/\/tadejpogacar.com\/sl\/#organization"},"image":{"@id":"https:\/\/tadejpogacar.com\/sl\/blog\/koncno-prihaja-dan-pocitka-2\/#primaryimage"},"thumbnailUrl":"https:\/\/tadejpogacar.com\/sl\/wp-content\/uploads\/sites\/3\/2026\/07\/Pogi-prvi-teden.jpg","articleSection":["Novice"],"inLanguage":"sl-SI"},{"@type":"WebPage","@id":"https:\/\/tadejpogacar.com\/sl\/blog\/koncno-prihaja-dan-pocitka-2\/","url":"https:\/\/tadejpogacar.com\/sl\/blog\/koncno-prihaja-dan-pocitka-2\/","name":"Kon\u010dno prihaja dan po\u010ditka - Tadej Poga\u010dar","isPartOf":{"@id":"https:\/\/tadejpogacar.com\/sl\/#website"},"primaryImageOfPage":{"@id":"https:\/\/tadejpogacar.com\/sl\/blog\/koncno-prihaja-dan-pocitka-2\/#primaryimage"},"image":{"@id":"https:\/\/tadejpogacar.com\/sl\/blog\/koncno-prihaja-dan-pocitka-2\/#primaryimage"},"thumbnailUrl":"https:\/\/tadejpogacar.com\/sl\/wp-content\/uploads\/sites\/3\/2026\/07\/Pogi-prvi-teden.jpg","datePublished":"2026-07-12T20:49:22+00:00","dateModified":"2026-07-12T20:49:23+00:00","breadcrumb":{"@id":"https:\/\/tadejpogacar.com\/sl\/blog\/koncno-prihaja-dan-pocitka-2\/#breadcrumb"},"inLanguage":"sl-SI","potentialAction":[{"@type":"ReadAction","target":["https:\/\/tadejpogacar.com\/sl\/blog\/koncno-prihaja-dan-pocitka-2\/"]}]},{"@type":"ImageObject","inLanguage":"sl-SI","@id":"https:\/\/tadejpogacar.com\/sl\/blog\/koncno-prihaja-dan-pocitka-2\/#primaryimage","url":"https:\/\/tadejpogacar.com\/sl\/wp-content\/uploads\/sites\/3\/2026\/07\/Pogi-prvi-teden.jpg","contentUrl":"https:\/\/tadejpogacar.com\/sl\/wp-content\/uploads\/sites\/3\/2026\/07\/Pogi-prvi-teden.jpg","width":1333,"height":2000},{"@type":"BreadcrumbList","@id":"https:\/\/tadejpogacar.com\/sl\/blog\/koncno-prihaja-dan-pocitka-2\/#breadcrumb","itemListElement":[{"@type":"ListItem","position":1,"name":"Home","item":"https:\/\/tadejpogacar.com\/sl\/"},{"@type":"ListItem","position":2,"name":"Kon\u010dno prihaja dan po\u010ditka"}]},{"@type":"WebSite","@id":"https:\/\/tadejpogacar.com\/sl\/#website","url":"https:\/\/tadejpogacar.com\/sl\/","name":"Tadej Poga\u010dar","description":"Uradna spletna stran","publisher":{"@id":"https:\/\/tadejpogacar.com\/sl\/#organization"},"potentialAction":[{"@type":"SearchAction","target":{"@type":"EntryPoint","urlTemplate":"https:\/\/tadejpogacar.com\/sl\/?s={search_term_string}"},"query-input":{"@type":"PropertyValueSpecification","valueRequired":true,"valueName":"search_term_string"}}],"inLanguage":"sl-SI"},{"@type":"Organization","@id":"https:\/\/tadejpogacar.com\/sl\/#organization","name":"Na klancu d.o.o.","url":"https:\/\/tadejpogacar.com\/sl\/","logo":{"@type":"ImageObject","inLanguage":"sl-SI","@id":"https:\/\/tadejpogacar.com\/sl\/#\/schema\/logo\/image\/","url":"https:\/\/tadejpogacar.com\/sl\/wp-content\/uploads\/sites\/3\/2024\/08\/TadejPogacar.webp","contentUrl":"https:\/\/tadejpogacar.com\/sl\/wp-content\/uploads\/sites\/3\/2024\/08\/TadejPogacar.webp","width":300,"height":68,"caption":"Na klancu d.o.o."},"image":{"@id":"https:\/\/tadejpogacar.com\/sl\/#\/schema\/logo\/image\/"},"sameAs":["https:\/\/www.facebook.com\/Tadej-Pogaar-Brand-108786571960953","https:\/\/x.com\/TamauPogi","https:\/\/www.instagram.com\/tadejpogacar\/","https:\/\/www.youtube.com\/c\/TadejPogacarOfficial\/videos"]},{"@type":"Person","@id":"https:\/\/tadejpogacar.com\/sl\/#\/schema\/person\/fe142a194ce84b68b083d8af63afbd4f","name":"miha","image":{"@type":"ImageObject","inLanguage":"sl-SI","@id":"https:\/\/secure.gravatar.com\/avatar\/af93e829a77aef260157fcd424e42411a045467d8199a8f88d0b2cdeb17e056c?s=96&d=mm&r=g","url":"https:\/\/secure.gravatar.com\/avatar\/af93e829a77aef260157fcd424e42411a045467d8199a8f88d0b2cdeb17e056c?s=96&d=mm&r=g","contentUrl":"https:\/\/secure.gravatar.com\/avatar\/af93e829a77aef260157fcd424e42411a045467d8199a8f88d0b2cdeb17e056c?s=96&d=mm&r=g","caption":"miha"},"url":"https:\/\/tadejpogacar.com\/sl\/blog\/author\/miha\/"}]}},"_links":{"self":[{"href":"https:\/\/tadejpogacar.com\/sl\/wp-json\/wp\/v2\/posts\/6430","targetHints":{"allow":["GET"]}}],"collection":[{"href":"https:\/\/tadejpogacar.com\/sl\/wp-json\/wp\/v2\/posts"}],"about":[{"href":"https:\/\/tadejpogacar.com\/sl\/wp-json\/wp\/v2\/types\/post"}],"author":[{"embeddable":true,"href":"https:\/\/tadejpogacar.com\/sl\/wp-json\/wp\/v2\/users\/1094"}],"replies":[{"embeddable":true,"href":"https:\/\/tadejpogacar.com\/sl\/wp-json\/wp\/v2\/comments?post=6430"}],"version-history":[{"count":1,"href":"https:\/\/tadejpogacar.com\/sl\/wp-json\/wp\/v2\/posts\/6430\/revisions"}],"predecessor-version":[{"id":6431,"href":"https:\/\/tadejpogacar.com\/sl\/wp-json\/wp\/v2\/posts\/6430\/revisions\/6431"}],"wp:featuredmedia":[{"embeddable":true,"href":"https:\/\/tadejpogacar.com\/sl\/wp-json\/wp\/v2\/media\/6432"}],"wp:attachment":[{"href":"https:\/\/tadejpogacar.com\/sl\/wp-json\/wp\/v2\/media?parent=6430"}],"wp:term":[{"taxonomy":"category","embeddable":true,"href":"https:\/\/tadejpogacar.com\/sl\/wp-json\/wp\/v2\/categories?post=6430"},{"taxonomy":"post_tag","embeddable":true,"href":"https:\/\/tadejpogacar.com\/sl\/wp-json\/wp\/v2\/tags?post=6430"}],"curies":[{"name":"wp","href":"https:\/\/api.w.org\/{rel}","templated":true}]}}