{"id":6362,"date":"2026-07-05T21:00:28","date_gmt":"2026-07-05T19:00:28","guid":{"rendered":"https:\/\/tadejpogacar.com\/sl\/?p=6362"},"modified":"2026-07-05T21:04:09","modified_gmt":"2026-07-05T19:04:09","slug":"izjemna-dvojna-zmaga-na-montjuicu","status":"publish","type":"post","link":"https:\/\/tadejpogacar.com\/sl\/blog\/izjemna-dvojna-zmaga-na-montjuicu\/","title":{"rendered":"Nepozabna dvojna zmaga na Montjuicu"},"content":{"rendered":"\n<p class=\"wp-block-paragraph\">Neverjeten dan za ekipo UAE Team Emirates \u2013 XRG na Touru. V spektakularni 2. etapi z zaklju\u010dkom na Montjuicu se ni veselila le 1. mesta, temve\u010d dvojne zmage. Tokrat v cilj ni prvi prikolesaril Tadej, ampak njegov mo\u0161tveni kolega Isaac del Toro, za katerega je bila to prva etapna zmaga na Touru.<\/p>\n\n\n\n<p class=\"wp-block-paragraph\">S Tadejem sta 168,5-kilometrsko preizku\u0161njo, ki se je za\u010dela v Tarragoni, kon\u010dala z ramo ob rami, 3. mesto je zasedel Remco Evenepoel (Red Bull Bora Hansgrohe), 4. pa Jonas Vingegaard (Visma Lease a Bike), ki je ubranil rumeno majico vodilnega na dirki.<\/p>\n\n\n\n<p class=\"wp-block-paragraph\">Tadej je zdaj na 2. mestu, \u0161est sekund za Dancem, vendar tokrat ni \u0161lo za sekunde v boju za kon\u010dno zmago v Parizu, temve\u010d izjemen ekipni uspeh. \u00bbTo mi res pomeni vse. V preteklosti sem \u017ee rekel, da sem zelo privilegiran fant. Ne morete verjeti, koliko delamo kot ekipa, da smo tukaj. Ogromno samozavesti celotne ekipe \u2013 to je delo vseh, moje dru\u017eine, mojih prijateljev od tam, kjer sem odra\u0161\u010dal. Ne morem verjeti, kaj mi je pravkar uspelo, to je preprosto noro,\u00ab se je zmage izjemno razveselil del Toro. Postal je drugi mehi\u0161ki zmagovalec etape na Touru, nasledil je Raula Alcalo, ki je dobil po eno etapo v letih 1989 in 1990<\/p>\n\n\n\n<p class=\"wp-block-paragraph\">Del Toro se je pred mikrofoni spomnil tudi na Tadeja, ki bi ga lahko prehitel, vendar je skrbel le za to, da zmage ne bi odnesel kateri od tekmecev ekipe UAE Team Emirates \u2013 XRG. \u00bbIzjemno cenim Tadeja \u2013 biti v isti ekipi z njim, najbolj\u0161i ekipi na svetu, me polni s \u010dustvi. Ne morete verjeti, kako se zdaj po\u010dutim, \u0161e posebej zaradi moje dr\u017eave, in vsega, kar se dogaja, je preprosto noro, res. To je zasluga mojih sotekmovalcev,\u00ab je \u0161e povedal 22-letni Mehi\u010dan.<\/p>\n\n\n\n<p class=\"wp-block-paragraph\">\u00bbNa sestanku smo se dogovorili, da se Tadej pred zaklju\u010dkom pogovori z Isaacom, kaj storiti. Tako se je iz\u0161lo, da je Tadej videl, da lahko Isaac zmaga in smo vsi presre\u010dni, da smo zmagali na tak na\u010din. To se ti zgodi enkrat na nekaj let, da ti uspe tak\u0161na predstava na Touru. Isaac je opravil izjemno veliko dela v zadnjem kilometru in pol, a Tadej je prera\u010dunal, da lahko vseeno zmaga. Kaj tak\u0161nega je sposoben samo on,\u00ab pa je prvo dvojno zmago ekipe v etapi Toura ocenil \u0161portni direktor Andrej Hauptman.<\/p>\n\n\n\n<p class=\"wp-block-paragraph\">Tour se poslavlja od Barcelone. Jutri se bo 3. etapa za\u010dela v Granollersu, po 195,5 kilometra in 3850 vi\u0161inskih metrih pa se bo ta razgibana preizku\u0161nja kona\u010dala v kraju Les Angles v Franciji. Zaradi gozdnih po\u017earov, ki so se raz\u0161irili v francoskih Pirenejih, v zaklju\u010dku ob cestah ne bo gledalcev.<\/p>\n","protected":false},"excerpt":{"rendered":"<p>Neverjeten dan za ekipo UAE Team Emirates \u2013 XRG na Touru. V spektakularni 2. etapi z zaklju\u010dkom na Montjuicu se<\/p>\n","protected":false},"author":1094,"featured_media":6364,"comment_status":"closed","ping_status":"closed","sticky":false,"template":"","format":"standard","meta":{"_acf_changed":false,"iawp_total_views":17,"footnotes":""},"categories":[1],"tags":[],"class_list":["post-6362","post","type-post","status-publish","format-standard","has-post-thumbnail","hentry","category-novice"],"acf":[],"yoast_head":"<!-- This site is optimized with the Yoast SEO plugin v27.8 - https:\/\/yoast.com\/product\/yoast-seo-wordpress\/ -->\n<title>Nepozabna dvojna zmaga na Montjuicu - Tadej Poga\u010dar<\/title>\n<meta name=\"robots\" content=\"index, follow, max-snippet:-1, max-image-preview:large, max-video-preview:-1\" \/>\n<link rel=\"canonical\" href=\"https:\/\/tadejpogacar.com\/sl\/blog\/izjemna-dvojna-zmaga-na-montjuicu\/\" \/>\n<meta property=\"og:locale\" content=\"sl_SI\" \/>\n<meta property=\"og:type\" content=\"article\" \/>\n<meta property=\"og:title\" content=\"Nepozabna dvojna zmaga na Montjuicu - Tadej Poga\u010dar\" \/>\n<meta property=\"og:description\" content=\"Neverjeten dan za ekipo UAE Team Emirates \u2013 XRG na Touru. V spektakularni 2. etapi z zaklju\u010dkom na Montjuicu se\" \/>\n<meta property=\"og:url\" content=\"https:\/\/tadejpogacar.com\/sl\/blog\/izjemna-dvojna-zmaga-na-montjuicu\/\" \/>\n<meta property=\"og:site_name\" content=\"Tadej Poga\u010dar\" \/>\n<meta property=\"article:publisher\" content=\"https:\/\/www.facebook.com\/Tadej-Pogaar-Brand-108786571960953\" \/>\n<meta property=\"article:published_time\" content=\"2026-07-05T19:00:28+00:00\" \/>\n<meta property=\"article:modified_time\" content=\"2026-07-05T19:04:09+00:00\" \/>\n<meta property=\"og:image\" content=\"https:\/\/tadejpogacar.com\/sl\/wp-content\/uploads\/sites\/3\/2026\/07\/Pogi-del-Toro-Montjuic.jpg\" \/>\n\t<meta property=\"og:image:width\" content=\"1638\" \/>\n\t<meta property=\"og:image:height\" content=\"2048\" \/>\n\t<meta property=\"og:image:type\" content=\"image\/jpeg\" \/>\n<meta name=\"author\" content=\"miha\" \/>\n<meta name=\"twitter:card\" content=\"summary_large_image\" \/>\n<meta name=\"twitter:creator\" content=\"@TamauPogi\" \/>\n<meta name=\"twitter:site\" content=\"@TamauPogi\" \/>\n<meta name=\"twitter:label1\" content=\"Written by\" \/>\n\t<meta name=\"twitter:data1\" content=\"miha\" \/>\n\t<meta name=\"twitter:label2\" content=\"Est. reading time\" \/>\n\t<meta name=\"twitter:data2\" content=\"3 minute\" \/>\n<script type=\"application\/ld+json\" class=\"yoast-schema-graph\">{\"@context\":\"https:\\\/\\\/schema.org\",\"@graph\":[{\"@type\":\"Article\",\"@id\":\"https:\\\/\\\/tadejpogacar.com\\\/sl\\\/blog\\\/izjemna-dvojna-zmaga-na-montjuicu\\\/#article\",\"isPartOf\":{\"@id\":\"https:\\\/\\\/tadejpogacar.com\\\/sl\\\/blog\\\/izjemna-dvojna-zmaga-na-montjuicu\\\/\"},\"author\":{\"name\":\"miha\",\"@id\":\"https:\\\/\\\/tadejpogacar.com\\\/sl\\\/#\\\/schema\\\/person\\\/fe142a194ce84b68b083d8af63afbd4f\"},\"headline\":\"Nepozabna dvojna zmaga na Montjuicu\",\"datePublished\":\"2026-07-05T19:00:28+00:00\",\"dateModified\":\"2026-07-05T19:04:09+00:00\",\"mainEntityOfPage\":{\"@id\":\"https:\\\/\\\/tadejpogacar.com\\\/sl\\\/blog\\\/izjemna-dvojna-zmaga-na-montjuicu\\\/\"},\"wordCount\":449,\"publisher\":{\"@id\":\"https:\\\/\\\/tadejpogacar.com\\\/sl\\\/#organization\"},\"image\":{\"@id\":\"https:\\\/\\\/tadejpogacar.com\\\/sl\\\/blog\\\/izjemna-dvojna-zmaga-na-montjuicu\\\/#primaryimage\"},\"thumbnailUrl\":\"https:\\\/\\\/tadejpogacar.com\\\/sl\\\/wp-content\\\/uploads\\\/sites\\\/3\\\/2026\\\/07\\\/Pogi-del-Toro-Montjuic.jpg\",\"articleSection\":[\"Novice\"],\"inLanguage\":\"sl-SI\"},{\"@type\":\"WebPage\",\"@id\":\"https:\\\/\\\/tadejpogacar.com\\\/sl\\\/blog\\\/izjemna-dvojna-zmaga-na-montjuicu\\\/\",\"url\":\"https:\\\/\\\/tadejpogacar.com\\\/sl\\\/blog\\\/izjemna-dvojna-zmaga-na-montjuicu\\\/\",\"name\":\"Nepozabna dvojna zmaga na Montjuicu - Tadej Poga\u010dar\",\"isPartOf\":{\"@id\":\"https:\\\/\\\/tadejpogacar.com\\\/sl\\\/#website\"},\"primaryImageOfPage\":{\"@id\":\"https:\\\/\\\/tadejpogacar.com\\\/sl\\\/blog\\\/izjemna-dvojna-zmaga-na-montjuicu\\\/#primaryimage\"},\"image\":{\"@id\":\"https:\\\/\\\/tadejpogacar.com\\\/sl\\\/blog\\\/izjemna-dvojna-zmaga-na-montjuicu\\\/#primaryimage\"},\"thumbnailUrl\":\"https:\\\/\\\/tadejpogacar.com\\\/sl\\\/wp-content\\\/uploads\\\/sites\\\/3\\\/2026\\\/07\\\/Pogi-del-Toro-Montjuic.jpg\",\"datePublished\":\"2026-07-05T19:00:28+00:00\",\"dateModified\":\"2026-07-05T19:04:09+00:00\",\"breadcrumb\":{\"@id\":\"https:\\\/\\\/tadejpogacar.com\\\/sl\\\/blog\\\/izjemna-dvojna-zmaga-na-montjuicu\\\/#breadcrumb\"},\"inLanguage\":\"sl-SI\",\"potentialAction\":[{\"@type\":\"ReadAction\",\"target\":[\"https:\\\/\\\/tadejpogacar.com\\\/sl\\\/blog\\\/izjemna-dvojna-zmaga-na-montjuicu\\\/\"]}]},{\"@type\":\"ImageObject\",\"inLanguage\":\"sl-SI\",\"@id\":\"https:\\\/\\\/tadejpogacar.com\\\/sl\\\/blog\\\/izjemna-dvojna-zmaga-na-montjuicu\\\/#primaryimage\",\"url\":\"https:\\\/\\\/tadejpogacar.com\\\/sl\\\/wp-content\\\/uploads\\\/sites\\\/3\\\/2026\\\/07\\\/Pogi-del-Toro-Montjuic.jpg\",\"contentUrl\":\"https:\\\/\\\/tadejpogacar.com\\\/sl\\\/wp-content\\\/uploads\\\/sites\\\/3\\\/2026\\\/07\\\/Pogi-del-Toro-Montjuic.jpg\",\"width\":1638,\"height\":2048},{\"@type\":\"BreadcrumbList\",\"@id\":\"https:\\\/\\\/tadejpogacar.com\\\/sl\\\/blog\\\/izjemna-dvojna-zmaga-na-montjuicu\\\/#breadcrumb\",\"itemListElement\":[{\"@type\":\"ListItem\",\"position\":1,\"name\":\"Home\",\"item\":\"https:\\\/\\\/tadejpogacar.com\\\/sl\\\/\"},{\"@type\":\"ListItem\",\"position\":2,\"name\":\"Nepozabna dvojna zmaga na Montjuicu\"}]},{\"@type\":\"WebSite\",\"@id\":\"https:\\\/\\\/tadejpogacar.com\\\/sl\\\/#website\",\"url\":\"https:\\\/\\\/tadejpogacar.com\\\/sl\\\/\",\"name\":\"Tadej Poga\u010dar\",\"description\":\"Uradna spletna stran\",\"publisher\":{\"@id\":\"https:\\\/\\\/tadejpogacar.com\\\/sl\\\/#organization\"},\"potentialAction\":[{\"@type\":\"SearchAction\",\"target\":{\"@type\":\"EntryPoint\",\"urlTemplate\":\"https:\\\/\\\/tadejpogacar.com\\\/sl\\\/?s={search_term_string}\"},\"query-input\":{\"@type\":\"PropertyValueSpecification\",\"valueRequired\":true,\"valueName\":\"search_term_string\"}}],\"inLanguage\":\"sl-SI\"},{\"@type\":\"Organization\",\"@id\":\"https:\\\/\\\/tadejpogacar.com\\\/sl\\\/#organization\",\"name\":\"Na klancu d.o.o.\",\"url\":\"https:\\\/\\\/tadejpogacar.com\\\/sl\\\/\",\"logo\":{\"@type\":\"ImageObject\",\"inLanguage\":\"sl-SI\",\"@id\":\"https:\\\/\\\/tadejpogacar.com\\\/sl\\\/#\\\/schema\\\/logo\\\/image\\\/\",\"url\":\"https:\\\/\\\/tadejpogacar.com\\\/sl\\\/wp-content\\\/uploads\\\/sites\\\/3\\\/2024\\\/08\\\/TadejPogacar.webp\",\"contentUrl\":\"https:\\\/\\\/tadejpogacar.com\\\/sl\\\/wp-content\\\/uploads\\\/sites\\\/3\\\/2024\\\/08\\\/TadejPogacar.webp\",\"width\":300,\"height\":68,\"caption\":\"Na klancu d.o.o.\"},\"image\":{\"@id\":\"https:\\\/\\\/tadejpogacar.com\\\/sl\\\/#\\\/schema\\\/logo\\\/image\\\/\"},\"sameAs\":[\"https:\\\/\\\/www.facebook.com\\\/Tadej-Pogaar-Brand-108786571960953\",\"https:\\\/\\\/x.com\\\/TamauPogi\",\"https:\\\/\\\/www.instagram.com\\\/tadejpogacar\\\/\",\"https:\\\/\\\/www.youtube.com\\\/c\\\/TadejPogacarOfficial\\\/videos\"]},{\"@type\":\"Person\",\"@id\":\"https:\\\/\\\/tadejpogacar.com\\\/sl\\\/#\\\/schema\\\/person\\\/fe142a194ce84b68b083d8af63afbd4f\",\"name\":\"miha\",\"image\":{\"@type\":\"ImageObject\",\"inLanguage\":\"sl-SI\",\"@id\":\"https:\\\/\\\/secure.gravatar.com\\\/avatar\\\/af93e829a77aef260157fcd424e42411a045467d8199a8f88d0b2cdeb17e056c?s=96&d=mm&r=g\",\"url\":\"https:\\\/\\\/secure.gravatar.com\\\/avatar\\\/af93e829a77aef260157fcd424e42411a045467d8199a8f88d0b2cdeb17e056c?s=96&d=mm&r=g\",\"contentUrl\":\"https:\\\/\\\/secure.gravatar.com\\\/avatar\\\/af93e829a77aef260157fcd424e42411a045467d8199a8f88d0b2cdeb17e056c?s=96&d=mm&r=g\",\"caption\":\"miha\"},\"url\":\"https:\\\/\\\/tadejpogacar.com\\\/sl\\\/blog\\\/author\\\/miha\\\/\"}]}<\/script>\n<!-- \/ Yoast SEO plugin. -->","yoast_head_json":{"title":"Nepozabna dvojna zmaga na Montjuicu - Tadej Poga\u010dar","robots":{"index":"index","follow":"follow","max-snippet":"max-snippet:-1","max-image-preview":"max-image-preview:large","max-video-preview":"max-video-preview:-1"},"canonical":"https:\/\/tadejpogacar.com\/sl\/blog\/izjemna-dvojna-zmaga-na-montjuicu\/","og_locale":"sl_SI","og_type":"article","og_title":"Nepozabna dvojna zmaga na Montjuicu - Tadej Poga\u010dar","og_description":"Neverjeten dan za ekipo UAE Team Emirates \u2013 XRG na Touru. V spektakularni 2. etapi z zaklju\u010dkom na Montjuicu se","og_url":"https:\/\/tadejpogacar.com\/sl\/blog\/izjemna-dvojna-zmaga-na-montjuicu\/","og_site_name":"Tadej Poga\u010dar","article_publisher":"https:\/\/www.facebook.com\/Tadej-Pogaar-Brand-108786571960953","article_published_time":"2026-07-05T19:00:28+00:00","article_modified_time":"2026-07-05T19:04:09+00:00","og_image":[{"width":1638,"height":2048,"url":"https:\/\/tadejpogacar.com\/sl\/wp-content\/uploads\/sites\/3\/2026\/07\/Pogi-del-Toro-Montjuic.jpg","type":"image\/jpeg"}],"author":"miha","twitter_card":"summary_large_image","twitter_creator":"@TamauPogi","twitter_site":"@TamauPogi","twitter_misc":{"Written by":"miha","Est. reading time":"3 minute"},"schema":{"@context":"https:\/\/schema.org","@graph":[{"@type":"Article","@id":"https:\/\/tadejpogacar.com\/sl\/blog\/izjemna-dvojna-zmaga-na-montjuicu\/#article","isPartOf":{"@id":"https:\/\/tadejpogacar.com\/sl\/blog\/izjemna-dvojna-zmaga-na-montjuicu\/"},"author":{"name":"miha","@id":"https:\/\/tadejpogacar.com\/sl\/#\/schema\/person\/fe142a194ce84b68b083d8af63afbd4f"},"headline":"Nepozabna dvojna zmaga na Montjuicu","datePublished":"2026-07-05T19:00:28+00:00","dateModified":"2026-07-05T19:04:09+00:00","mainEntityOfPage":{"@id":"https:\/\/tadejpogacar.com\/sl\/blog\/izjemna-dvojna-zmaga-na-montjuicu\/"},"wordCount":449,"publisher":{"@id":"https:\/\/tadejpogacar.com\/sl\/#organization"},"image":{"@id":"https:\/\/tadejpogacar.com\/sl\/blog\/izjemna-dvojna-zmaga-na-montjuicu\/#primaryimage"},"thumbnailUrl":"https:\/\/tadejpogacar.com\/sl\/wp-content\/uploads\/sites\/3\/2026\/07\/Pogi-del-Toro-Montjuic.jpg","articleSection":["Novice"],"inLanguage":"sl-SI"},{"@type":"WebPage","@id":"https:\/\/tadejpogacar.com\/sl\/blog\/izjemna-dvojna-zmaga-na-montjuicu\/","url":"https:\/\/tadejpogacar.com\/sl\/blog\/izjemna-dvojna-zmaga-na-montjuicu\/","name":"Nepozabna dvojna zmaga na Montjuicu - Tadej Poga\u010dar","isPartOf":{"@id":"https:\/\/tadejpogacar.com\/sl\/#website"},"primaryImageOfPage":{"@id":"https:\/\/tadejpogacar.com\/sl\/blog\/izjemna-dvojna-zmaga-na-montjuicu\/#primaryimage"},"image":{"@id":"https:\/\/tadejpogacar.com\/sl\/blog\/izjemna-dvojna-zmaga-na-montjuicu\/#primaryimage"},"thumbnailUrl":"https:\/\/tadejpogacar.com\/sl\/wp-content\/uploads\/sites\/3\/2026\/07\/Pogi-del-Toro-Montjuic.jpg","datePublished":"2026-07-05T19:00:28+00:00","dateModified":"2026-07-05T19:04:09+00:00","breadcrumb":{"@id":"https:\/\/tadejpogacar.com\/sl\/blog\/izjemna-dvojna-zmaga-na-montjuicu\/#breadcrumb"},"inLanguage":"sl-SI","potentialAction":[{"@type":"ReadAction","target":["https:\/\/tadejpogacar.com\/sl\/blog\/izjemna-dvojna-zmaga-na-montjuicu\/"]}]},{"@type":"ImageObject","inLanguage":"sl-SI","@id":"https:\/\/tadejpogacar.com\/sl\/blog\/izjemna-dvojna-zmaga-na-montjuicu\/#primaryimage","url":"https:\/\/tadejpogacar.com\/sl\/wp-content\/uploads\/sites\/3\/2026\/07\/Pogi-del-Toro-Montjuic.jpg","contentUrl":"https:\/\/tadejpogacar.com\/sl\/wp-content\/uploads\/sites\/3\/2026\/07\/Pogi-del-Toro-Montjuic.jpg","width":1638,"height":2048},{"@type":"BreadcrumbList","@id":"https:\/\/tadejpogacar.com\/sl\/blog\/izjemna-dvojna-zmaga-na-montjuicu\/#breadcrumb","itemListElement":[{"@type":"ListItem","position":1,"name":"Home","item":"https:\/\/tadejpogacar.com\/sl\/"},{"@type":"ListItem","position":2,"name":"Nepozabna dvojna zmaga na Montjuicu"}]},{"@type":"WebSite","@id":"https:\/\/tadejpogacar.com\/sl\/#website","url":"https:\/\/tadejpogacar.com\/sl\/","name":"Tadej Poga\u010dar","description":"Uradna spletna stran","publisher":{"@id":"https:\/\/tadejpogacar.com\/sl\/#organization"},"potentialAction":[{"@type":"SearchAction","target":{"@type":"EntryPoint","urlTemplate":"https:\/\/tadejpogacar.com\/sl\/?s={search_term_string}"},"query-input":{"@type":"PropertyValueSpecification","valueRequired":true,"valueName":"search_term_string"}}],"inLanguage":"sl-SI"},{"@type":"Organization","@id":"https:\/\/tadejpogacar.com\/sl\/#organization","name":"Na klancu d.o.o.","url":"https:\/\/tadejpogacar.com\/sl\/","logo":{"@type":"ImageObject","inLanguage":"sl-SI","@id":"https:\/\/tadejpogacar.com\/sl\/#\/schema\/logo\/image\/","url":"https:\/\/tadejpogacar.com\/sl\/wp-content\/uploads\/sites\/3\/2024\/08\/TadejPogacar.webp","contentUrl":"https:\/\/tadejpogacar.com\/sl\/wp-content\/uploads\/sites\/3\/2024\/08\/TadejPogacar.webp","width":300,"height":68,"caption":"Na klancu d.o.o."},"image":{"@id":"https:\/\/tadejpogacar.com\/sl\/#\/schema\/logo\/image\/"},"sameAs":["https:\/\/www.facebook.com\/Tadej-Pogaar-Brand-108786571960953","https:\/\/x.com\/TamauPogi","https:\/\/www.instagram.com\/tadejpogacar\/","https:\/\/www.youtube.com\/c\/TadejPogacarOfficial\/videos"]},{"@type":"Person","@id":"https:\/\/tadejpogacar.com\/sl\/#\/schema\/person\/fe142a194ce84b68b083d8af63afbd4f","name":"miha","image":{"@type":"ImageObject","inLanguage":"sl-SI","@id":"https:\/\/secure.gravatar.com\/avatar\/af93e829a77aef260157fcd424e42411a045467d8199a8f88d0b2cdeb17e056c?s=96&d=mm&r=g","url":"https:\/\/secure.gravatar.com\/avatar\/af93e829a77aef260157fcd424e42411a045467d8199a8f88d0b2cdeb17e056c?s=96&d=mm&r=g","contentUrl":"https:\/\/secure.gravatar.com\/avatar\/af93e829a77aef260157fcd424e42411a045467d8199a8f88d0b2cdeb17e056c?s=96&d=mm&r=g","caption":"miha"},"url":"https:\/\/tadejpogacar.com\/sl\/blog\/author\/miha\/"}]}},"_links":{"self":[{"href":"https:\/\/tadejpogacar.com\/sl\/wp-json\/wp\/v2\/posts\/6362","targetHints":{"allow":["GET"]}}],"collection":[{"href":"https:\/\/tadejpogacar.com\/sl\/wp-json\/wp\/v2\/posts"}],"about":[{"href":"https:\/\/tadejpogacar.com\/sl\/wp-json\/wp\/v2\/types\/post"}],"author":[{"embeddable":true,"href":"https:\/\/tadejpogacar.com\/sl\/wp-json\/wp\/v2\/users\/1094"}],"replies":[{"embeddable":true,"href":"https:\/\/tadejpogacar.com\/sl\/wp-json\/wp\/v2\/comments?post=6362"}],"version-history":[{"count":3,"href":"https:\/\/tadejpogacar.com\/sl\/wp-json\/wp\/v2\/posts\/6362\/revisions"}],"predecessor-version":[{"id":6366,"href":"https:\/\/tadejpogacar.com\/sl\/wp-json\/wp\/v2\/posts\/6362\/revisions\/6366"}],"wp:featuredmedia":[{"embeddable":true,"href":"https:\/\/tadejpogacar.com\/sl\/wp-json\/wp\/v2\/media\/6364"}],"wp:attachment":[{"href":"https:\/\/tadejpogacar.com\/sl\/wp-json\/wp\/v2\/media?parent=6362"}],"wp:term":[{"taxonomy":"category","embeddable":true,"href":"https:\/\/tadejpogacar.com\/sl\/wp-json\/wp\/v2\/categories?post=6362"},{"taxonomy":"post_tag","embeddable":true,"href":"https:\/\/tadejpogacar.com\/sl\/wp-json\/wp\/v2\/tags?post=6362"}],"curies":[{"name":"wp","href":"https:\/\/api.w.org\/{rel}","templated":true}]}}