{"id":6354,"date":"2026-07-04T21:36:18","date_gmt":"2026-07-04T19:36:18","guid":{"rendered":"https:\/\/tadejpogacar.com\/sl\/?p=6354"},"modified":"2026-07-04T21:36:19","modified_gmt":"2026-07-04T19:36:19","slug":"tadej-obrambo-rumene-majice-zacel-v-pikcasti","status":"publish","type":"post","link":"https:\/\/tadejpogacar.com\/sl\/blog\/tadej-obrambo-rumene-majice-zacel-v-pikcasti\/","title":{"rendered":"Tadej obrambo rumene majice za\u010del v pik\u010dasti"},"content":{"rendered":"\n<p class=\"wp-block-paragraph\">113. Tour de France, na katerem Tadej meri na tretjo zaporedno in skupno peto zmago, se je za\u010del z 19,6-kilometrsko ekipo vo\u017enjo na \u010das v Barceloni. S svojo ekipo UAE Team Emirates \u2013 XRG si je Tadej 1. mesto \u017eelel tudi na razgibani trasi s ciljnim vzponom na Montjuic, a je bil zadovoljen s 3. mestom.<\/p>\n\n\n\n<p class=\"wp-block-paragraph\">Najhitrej\u0161a ekipa je bila Visma Lease a Bike, za katero je najbolj\u0161i \u010das 21:27 (povpre\u010dna hitrost 53,95 km\/h) postavil Jonas Vingegaard. Drugo mesto je zasedlo mo\u0161tvo Netcompany Ineos s Filippom Ganno, ki je zaostal osem sekund, Tadej pa je na 3. mestu za danskim zmagovalcem zaostal 12 sekund.<\/p>\n\n\n\n<p class=\"wp-block-paragraph\">\u00bbVedno merimo na zmago, a vseeno mislim, da smo odpeljali zelo dobro ekipno vo\u017enjo na \u010das. Ob tem sem tudi zelo vesel, da je tega dneva konec. Zelo zahteven dan je bil, izjemno dolg. Zelo stresno je, ko se pripravlja\u0161 za teh 20 minut dirkanja z ekipo. Vendar sem danes u\u017eival, minilo je precej \u010dasa, odkar sem nastopil v ekipni vo\u017enji na \u010das. Predstava je bila dobra in smo lahko zadovoljni z dana\u0161njim dnevom in zelo motivirani za naslednje dni,\u00ab je v cilju povedal Tadej.<\/p>\n\n\n\n<p class=\"wp-block-paragraph\">Ni oblekel rumene majice vodilnega na dirki, je pa pik\u010dasto najbolj\u0161ega hribolazca, ker je postavil najbolj\u0161i \u010das zaklju\u010dnega vzpona do Olimpjskega stadiona na Montjuicu. \u00bbDobra novica je, da imam mo\u010dne noge za v klanec. Tokrat je bil precej kratek. Isaac del Toro je opravil izjemno delo. Je izjemen mo\u0161tveni kolega, celotna ekipa se je zelo dobro odrezala. Vsi so \u0161li \u010dez svoje meje in tudi zahvaljujo\u010d ekipi imam danes to majico,\u00ab je dodal Tadej.<\/p>\n\n\n\n<p class=\"wp-block-paragraph\">V Barceloni ga skupaj z ekipo jutri \u010daka \u0161e ena izjemno zanimiva etapa. Peloton bo moral na 168,5-kilometrski trasi s startom v Tarragoni premagati 2500 vi\u0161inskih metrov, ve\u010dina jih bo v drugi polovici. Tudi 2. etapa se bo kon\u010dala na Montjuicu in bo nekoliko spominjala na tradicionalno sklepno preizku\u0161njo dirke po Kataloniji, na kateri je Tadej zmagal leta 2024.<\/p>\n\n\n\n<p class=\"wp-block-paragraph\">\u00bbNajprej se moram dekompresirati, sprostiti po tej etapi, \u010deprav za to ni veliko \u010dasa. Jutri\u0161nja etapa bo zapletena, namenjena je eksplozivnim kolesarjem in bo zelo hekti\u010dna v zaklju\u010dku. \u017de prej pa je trasa nekajkrat tehni\u010dno zahtevna, tako da bomo morali biti previdni. Nato bomo videli, kdo lahko zmaga,\u00ab je \u0161e povedal Tadej.<\/p>\n","protected":false},"excerpt":{"rendered":"<p>113. Tour de France, na katerem Tadej meri na tretjo zaporedno in skupno peto zmago, se je za\u010del z 19,6-kilometrsko<\/p>\n","protected":false},"author":1094,"featured_media":6357,"comment_status":"closed","ping_status":"closed","sticky":false,"template":"","format":"standard","meta":{"_acf_changed":false,"iawp_total_views":13,"footnotes":""},"categories":[1],"tags":[],"class_list":["post-6354","post","type-post","status-publish","format-standard","has-post-thumbnail","hentry","category-novice"],"acf":[],"yoast_head":"<!-- This site is optimized with the Yoast SEO plugin v27.8 - https:\/\/yoast.com\/product\/yoast-seo-wordpress\/ -->\n<title>Tadej obrambo rumene majice za\u010del v pik\u010dasti - Tadej Poga\u010dar<\/title>\n<meta name=\"robots\" content=\"index, follow, max-snippet:-1, max-image-preview:large, max-video-preview:-1\" \/>\n<link rel=\"canonical\" href=\"https:\/\/tadejpogacar.com\/sl\/blog\/tadej-obrambo-rumene-majice-zacel-v-pikcasti\/\" \/>\n<meta property=\"og:locale\" content=\"sl_SI\" \/>\n<meta property=\"og:type\" content=\"article\" \/>\n<meta property=\"og:title\" content=\"Tadej obrambo rumene majice za\u010del v pik\u010dasti - Tadej Poga\u010dar\" \/>\n<meta property=\"og:description\" content=\"113. Tour de France, na katerem Tadej meri na tretjo zaporedno in skupno peto zmago, se je za\u010del z 19,6-kilometrsko\" \/>\n<meta property=\"og:url\" content=\"https:\/\/tadejpogacar.com\/sl\/blog\/tadej-obrambo-rumene-majice-zacel-v-pikcasti\/\" \/>\n<meta property=\"og:site_name\" content=\"Tadej Poga\u010dar\" \/>\n<meta property=\"article:publisher\" content=\"https:\/\/www.facebook.com\/Tadej-Pogaar-Brand-108786571960953\" \/>\n<meta property=\"article:published_time\" content=\"2026-07-04T19:36:18+00:00\" \/>\n<meta property=\"article:modified_time\" content=\"2026-07-04T19:36:19+00:00\" \/>\n<meta property=\"og:image\" content=\"https:\/\/tadejpogacar.com\/sl\/wp-content\/uploads\/sites\/3\/2026\/07\/Pogi-pikcasta.jpg\" \/>\n\t<meta property=\"og:image:width\" content=\"2000\" \/>\n\t<meta property=\"og:image:height\" content=\"1333\" \/>\n\t<meta property=\"og:image:type\" content=\"image\/jpeg\" \/>\n<meta name=\"author\" content=\"miha\" \/>\n<meta name=\"twitter:card\" content=\"summary_large_image\" \/>\n<meta name=\"twitter:creator\" content=\"@TamauPogi\" \/>\n<meta name=\"twitter:site\" content=\"@TamauPogi\" \/>\n<meta name=\"twitter:label1\" content=\"Written by\" \/>\n\t<meta name=\"twitter:data1\" content=\"miha\" \/>\n\t<meta name=\"twitter:label2\" content=\"Est. reading time\" \/>\n\t<meta name=\"twitter:data2\" content=\"3 minute\" \/>\n<script type=\"application\/ld+json\" class=\"yoast-schema-graph\">{\"@context\":\"https:\\\/\\\/schema.org\",\"@graph\":[{\"@type\":\"Article\",\"@id\":\"https:\\\/\\\/tadejpogacar.com\\\/sl\\\/blog\\\/tadej-obrambo-rumene-majice-zacel-v-pikcasti\\\/#article\",\"isPartOf\":{\"@id\":\"https:\\\/\\\/tadejpogacar.com\\\/sl\\\/blog\\\/tadej-obrambo-rumene-majice-zacel-v-pikcasti\\\/\"},\"author\":{\"name\":\"miha\",\"@id\":\"https:\\\/\\\/tadejpogacar.com\\\/sl\\\/#\\\/schema\\\/person\\\/fe142a194ce84b68b083d8af63afbd4f\"},\"headline\":\"Tadej obrambo rumene majice za\u010del v pik\u010dasti\",\"datePublished\":\"2026-07-04T19:36:18+00:00\",\"dateModified\":\"2026-07-04T19:36:19+00:00\",\"mainEntityOfPage\":{\"@id\":\"https:\\\/\\\/tadejpogacar.com\\\/sl\\\/blog\\\/tadej-obrambo-rumene-majice-zacel-v-pikcasti\\\/\"},\"wordCount\":396,\"publisher\":{\"@id\":\"https:\\\/\\\/tadejpogacar.com\\\/sl\\\/#organization\"},\"image\":{\"@id\":\"https:\\\/\\\/tadejpogacar.com\\\/sl\\\/blog\\\/tadej-obrambo-rumene-majice-zacel-v-pikcasti\\\/#primaryimage\"},\"thumbnailUrl\":\"https:\\\/\\\/tadejpogacar.com\\\/sl\\\/wp-content\\\/uploads\\\/sites\\\/3\\\/2026\\\/07\\\/Pogi-pikcasta.jpg\",\"articleSection\":[\"Novice\"],\"inLanguage\":\"sl-SI\"},{\"@type\":\"WebPage\",\"@id\":\"https:\\\/\\\/tadejpogacar.com\\\/sl\\\/blog\\\/tadej-obrambo-rumene-majice-zacel-v-pikcasti\\\/\",\"url\":\"https:\\\/\\\/tadejpogacar.com\\\/sl\\\/blog\\\/tadej-obrambo-rumene-majice-zacel-v-pikcasti\\\/\",\"name\":\"Tadej obrambo rumene majice za\u010del v pik\u010dasti - Tadej Poga\u010dar\",\"isPartOf\":{\"@id\":\"https:\\\/\\\/tadejpogacar.com\\\/sl\\\/#website\"},\"primaryImageOfPage\":{\"@id\":\"https:\\\/\\\/tadejpogacar.com\\\/sl\\\/blog\\\/tadej-obrambo-rumene-majice-zacel-v-pikcasti\\\/#primaryimage\"},\"image\":{\"@id\":\"https:\\\/\\\/tadejpogacar.com\\\/sl\\\/blog\\\/tadej-obrambo-rumene-majice-zacel-v-pikcasti\\\/#primaryimage\"},\"thumbnailUrl\":\"https:\\\/\\\/tadejpogacar.com\\\/sl\\\/wp-content\\\/uploads\\\/sites\\\/3\\\/2026\\\/07\\\/Pogi-pikcasta.jpg\",\"datePublished\":\"2026-07-04T19:36:18+00:00\",\"dateModified\":\"2026-07-04T19:36:19+00:00\",\"breadcrumb\":{\"@id\":\"https:\\\/\\\/tadejpogacar.com\\\/sl\\\/blog\\\/tadej-obrambo-rumene-majice-zacel-v-pikcasti\\\/#breadcrumb\"},\"inLanguage\":\"sl-SI\",\"potentialAction\":[{\"@type\":\"ReadAction\",\"target\":[\"https:\\\/\\\/tadejpogacar.com\\\/sl\\\/blog\\\/tadej-obrambo-rumene-majice-zacel-v-pikcasti\\\/\"]}]},{\"@type\":\"ImageObject\",\"inLanguage\":\"sl-SI\",\"@id\":\"https:\\\/\\\/tadejpogacar.com\\\/sl\\\/blog\\\/tadej-obrambo-rumene-majice-zacel-v-pikcasti\\\/#primaryimage\",\"url\":\"https:\\\/\\\/tadejpogacar.com\\\/sl\\\/wp-content\\\/uploads\\\/sites\\\/3\\\/2026\\\/07\\\/Pogi-pikcasta.jpg\",\"contentUrl\":\"https:\\\/\\\/tadejpogacar.com\\\/sl\\\/wp-content\\\/uploads\\\/sites\\\/3\\\/2026\\\/07\\\/Pogi-pikcasta.jpg\",\"width\":2000,\"height\":1333,\"caption\":\"Tour de France 2026 - 113th Edition - 1st stage Barcelona - Barcelona 19,4 km - 04\\\/07\\\/2026 - Tadej Pogacar (SLO - UAE Team Emirates - XRG) - photo Kei Tsuji\\\/SprintCyclingAgency\u00a920256\"},{\"@type\":\"BreadcrumbList\",\"@id\":\"https:\\\/\\\/tadejpogacar.com\\\/sl\\\/blog\\\/tadej-obrambo-rumene-majice-zacel-v-pikcasti\\\/#breadcrumb\",\"itemListElement\":[{\"@type\":\"ListItem\",\"position\":1,\"name\":\"Home\",\"item\":\"https:\\\/\\\/tadejpogacar.com\\\/sl\\\/\"},{\"@type\":\"ListItem\",\"position\":2,\"name\":\"Tadej obrambo rumene majice za\u010del v pik\u010dasti\"}]},{\"@type\":\"WebSite\",\"@id\":\"https:\\\/\\\/tadejpogacar.com\\\/sl\\\/#website\",\"url\":\"https:\\\/\\\/tadejpogacar.com\\\/sl\\\/\",\"name\":\"Tadej Poga\u010dar\",\"description\":\"Uradna spletna stran\",\"publisher\":{\"@id\":\"https:\\\/\\\/tadejpogacar.com\\\/sl\\\/#organization\"},\"potentialAction\":[{\"@type\":\"SearchAction\",\"target\":{\"@type\":\"EntryPoint\",\"urlTemplate\":\"https:\\\/\\\/tadejpogacar.com\\\/sl\\\/?s={search_term_string}\"},\"query-input\":{\"@type\":\"PropertyValueSpecification\",\"valueRequired\":true,\"valueName\":\"search_term_string\"}}],\"inLanguage\":\"sl-SI\"},{\"@type\":\"Organization\",\"@id\":\"https:\\\/\\\/tadejpogacar.com\\\/sl\\\/#organization\",\"name\":\"Na klancu d.o.o.\",\"url\":\"https:\\\/\\\/tadejpogacar.com\\\/sl\\\/\",\"logo\":{\"@type\":\"ImageObject\",\"inLanguage\":\"sl-SI\",\"@id\":\"https:\\\/\\\/tadejpogacar.com\\\/sl\\\/#\\\/schema\\\/logo\\\/image\\\/\",\"url\":\"https:\\\/\\\/tadejpogacar.com\\\/sl\\\/wp-content\\\/uploads\\\/sites\\\/3\\\/2024\\\/08\\\/TadejPogacar.webp\",\"contentUrl\":\"https:\\\/\\\/tadejpogacar.com\\\/sl\\\/wp-content\\\/uploads\\\/sites\\\/3\\\/2024\\\/08\\\/TadejPogacar.webp\",\"width\":300,\"height\":68,\"caption\":\"Na klancu d.o.o.\"},\"image\":{\"@id\":\"https:\\\/\\\/tadejpogacar.com\\\/sl\\\/#\\\/schema\\\/logo\\\/image\\\/\"},\"sameAs\":[\"https:\\\/\\\/www.facebook.com\\\/Tadej-Pogaar-Brand-108786571960953\",\"https:\\\/\\\/x.com\\\/TamauPogi\",\"https:\\\/\\\/www.instagram.com\\\/tadejpogacar\\\/\",\"https:\\\/\\\/www.youtube.com\\\/c\\\/TadejPogacarOfficial\\\/videos\"]},{\"@type\":\"Person\",\"@id\":\"https:\\\/\\\/tadejpogacar.com\\\/sl\\\/#\\\/schema\\\/person\\\/fe142a194ce84b68b083d8af63afbd4f\",\"name\":\"miha\",\"image\":{\"@type\":\"ImageObject\",\"inLanguage\":\"sl-SI\",\"@id\":\"https:\\\/\\\/secure.gravatar.com\\\/avatar\\\/af93e829a77aef260157fcd424e42411a045467d8199a8f88d0b2cdeb17e056c?s=96&d=mm&r=g\",\"url\":\"https:\\\/\\\/secure.gravatar.com\\\/avatar\\\/af93e829a77aef260157fcd424e42411a045467d8199a8f88d0b2cdeb17e056c?s=96&d=mm&r=g\",\"contentUrl\":\"https:\\\/\\\/secure.gravatar.com\\\/avatar\\\/af93e829a77aef260157fcd424e42411a045467d8199a8f88d0b2cdeb17e056c?s=96&d=mm&r=g\",\"caption\":\"miha\"},\"url\":\"https:\\\/\\\/tadejpogacar.com\\\/sl\\\/blog\\\/author\\\/miha\\\/\"}]}<\/script>\n<!-- \/ Yoast SEO plugin. -->","yoast_head_json":{"title":"Tadej obrambo rumene majice za\u010del v pik\u010dasti - Tadej Poga\u010dar","robots":{"index":"index","follow":"follow","max-snippet":"max-snippet:-1","max-image-preview":"max-image-preview:large","max-video-preview":"max-video-preview:-1"},"canonical":"https:\/\/tadejpogacar.com\/sl\/blog\/tadej-obrambo-rumene-majice-zacel-v-pikcasti\/","og_locale":"sl_SI","og_type":"article","og_title":"Tadej obrambo rumene majice za\u010del v pik\u010dasti - Tadej Poga\u010dar","og_description":"113. Tour de France, na katerem Tadej meri na tretjo zaporedno in skupno peto zmago, se je za\u010del z 19,6-kilometrsko","og_url":"https:\/\/tadejpogacar.com\/sl\/blog\/tadej-obrambo-rumene-majice-zacel-v-pikcasti\/","og_site_name":"Tadej Poga\u010dar","article_publisher":"https:\/\/www.facebook.com\/Tadej-Pogaar-Brand-108786571960953","article_published_time":"2026-07-04T19:36:18+00:00","article_modified_time":"2026-07-04T19:36:19+00:00","og_image":[{"width":2000,"height":1333,"url":"https:\/\/tadejpogacar.com\/sl\/wp-content\/uploads\/sites\/3\/2026\/07\/Pogi-pikcasta.jpg","type":"image\/jpeg"}],"author":"miha","twitter_card":"summary_large_image","twitter_creator":"@TamauPogi","twitter_site":"@TamauPogi","twitter_misc":{"Written by":"miha","Est. reading time":"3 minute"},"schema":{"@context":"https:\/\/schema.org","@graph":[{"@type":"Article","@id":"https:\/\/tadejpogacar.com\/sl\/blog\/tadej-obrambo-rumene-majice-zacel-v-pikcasti\/#article","isPartOf":{"@id":"https:\/\/tadejpogacar.com\/sl\/blog\/tadej-obrambo-rumene-majice-zacel-v-pikcasti\/"},"author":{"name":"miha","@id":"https:\/\/tadejpogacar.com\/sl\/#\/schema\/person\/fe142a194ce84b68b083d8af63afbd4f"},"headline":"Tadej obrambo rumene majice za\u010del v pik\u010dasti","datePublished":"2026-07-04T19:36:18+00:00","dateModified":"2026-07-04T19:36:19+00:00","mainEntityOfPage":{"@id":"https:\/\/tadejpogacar.com\/sl\/blog\/tadej-obrambo-rumene-majice-zacel-v-pikcasti\/"},"wordCount":396,"publisher":{"@id":"https:\/\/tadejpogacar.com\/sl\/#organization"},"image":{"@id":"https:\/\/tadejpogacar.com\/sl\/blog\/tadej-obrambo-rumene-majice-zacel-v-pikcasti\/#primaryimage"},"thumbnailUrl":"https:\/\/tadejpogacar.com\/sl\/wp-content\/uploads\/sites\/3\/2026\/07\/Pogi-pikcasta.jpg","articleSection":["Novice"],"inLanguage":"sl-SI"},{"@type":"WebPage","@id":"https:\/\/tadejpogacar.com\/sl\/blog\/tadej-obrambo-rumene-majice-zacel-v-pikcasti\/","url":"https:\/\/tadejpogacar.com\/sl\/blog\/tadej-obrambo-rumene-majice-zacel-v-pikcasti\/","name":"Tadej obrambo rumene majice za\u010del v pik\u010dasti - Tadej Poga\u010dar","isPartOf":{"@id":"https:\/\/tadejpogacar.com\/sl\/#website"},"primaryImageOfPage":{"@id":"https:\/\/tadejpogacar.com\/sl\/blog\/tadej-obrambo-rumene-majice-zacel-v-pikcasti\/#primaryimage"},"image":{"@id":"https:\/\/tadejpogacar.com\/sl\/blog\/tadej-obrambo-rumene-majice-zacel-v-pikcasti\/#primaryimage"},"thumbnailUrl":"https:\/\/tadejpogacar.com\/sl\/wp-content\/uploads\/sites\/3\/2026\/07\/Pogi-pikcasta.jpg","datePublished":"2026-07-04T19:36:18+00:00","dateModified":"2026-07-04T19:36:19+00:00","breadcrumb":{"@id":"https:\/\/tadejpogacar.com\/sl\/blog\/tadej-obrambo-rumene-majice-zacel-v-pikcasti\/#breadcrumb"},"inLanguage":"sl-SI","potentialAction":[{"@type":"ReadAction","target":["https:\/\/tadejpogacar.com\/sl\/blog\/tadej-obrambo-rumene-majice-zacel-v-pikcasti\/"]}]},{"@type":"ImageObject","inLanguage":"sl-SI","@id":"https:\/\/tadejpogacar.com\/sl\/blog\/tadej-obrambo-rumene-majice-zacel-v-pikcasti\/#primaryimage","url":"https:\/\/tadejpogacar.com\/sl\/wp-content\/uploads\/sites\/3\/2026\/07\/Pogi-pikcasta.jpg","contentUrl":"https:\/\/tadejpogacar.com\/sl\/wp-content\/uploads\/sites\/3\/2026\/07\/Pogi-pikcasta.jpg","width":2000,"height":1333,"caption":"Tour de France 2026 - 113th Edition - 1st stage Barcelona - Barcelona 19,4 km - 04\/07\/2026 - Tadej Pogacar (SLO - UAE Team Emirates - XRG) - photo Kei Tsuji\/SprintCyclingAgency\u00a920256"},{"@type":"BreadcrumbList","@id":"https:\/\/tadejpogacar.com\/sl\/blog\/tadej-obrambo-rumene-majice-zacel-v-pikcasti\/#breadcrumb","itemListElement":[{"@type":"ListItem","position":1,"name":"Home","item":"https:\/\/tadejpogacar.com\/sl\/"},{"@type":"ListItem","position":2,"name":"Tadej obrambo rumene majice za\u010del v pik\u010dasti"}]},{"@type":"WebSite","@id":"https:\/\/tadejpogacar.com\/sl\/#website","url":"https:\/\/tadejpogacar.com\/sl\/","name":"Tadej Poga\u010dar","description":"Uradna spletna stran","publisher":{"@id":"https:\/\/tadejpogacar.com\/sl\/#organization"},"potentialAction":[{"@type":"SearchAction","target":{"@type":"EntryPoint","urlTemplate":"https:\/\/tadejpogacar.com\/sl\/?s={search_term_string}"},"query-input":{"@type":"PropertyValueSpecification","valueRequired":true,"valueName":"search_term_string"}}],"inLanguage":"sl-SI"},{"@type":"Organization","@id":"https:\/\/tadejpogacar.com\/sl\/#organization","name":"Na klancu d.o.o.","url":"https:\/\/tadejpogacar.com\/sl\/","logo":{"@type":"ImageObject","inLanguage":"sl-SI","@id":"https:\/\/tadejpogacar.com\/sl\/#\/schema\/logo\/image\/","url":"https:\/\/tadejpogacar.com\/sl\/wp-content\/uploads\/sites\/3\/2024\/08\/TadejPogacar.webp","contentUrl":"https:\/\/tadejpogacar.com\/sl\/wp-content\/uploads\/sites\/3\/2024\/08\/TadejPogacar.webp","width":300,"height":68,"caption":"Na klancu d.o.o."},"image":{"@id":"https:\/\/tadejpogacar.com\/sl\/#\/schema\/logo\/image\/"},"sameAs":["https:\/\/www.facebook.com\/Tadej-Pogaar-Brand-108786571960953","https:\/\/x.com\/TamauPogi","https:\/\/www.instagram.com\/tadejpogacar\/","https:\/\/www.youtube.com\/c\/TadejPogacarOfficial\/videos"]},{"@type":"Person","@id":"https:\/\/tadejpogacar.com\/sl\/#\/schema\/person\/fe142a194ce84b68b083d8af63afbd4f","name":"miha","image":{"@type":"ImageObject","inLanguage":"sl-SI","@id":"https:\/\/secure.gravatar.com\/avatar\/af93e829a77aef260157fcd424e42411a045467d8199a8f88d0b2cdeb17e056c?s=96&d=mm&r=g","url":"https:\/\/secure.gravatar.com\/avatar\/af93e829a77aef260157fcd424e42411a045467d8199a8f88d0b2cdeb17e056c?s=96&d=mm&r=g","contentUrl":"https:\/\/secure.gravatar.com\/avatar\/af93e829a77aef260157fcd424e42411a045467d8199a8f88d0b2cdeb17e056c?s=96&d=mm&r=g","caption":"miha"},"url":"https:\/\/tadejpogacar.com\/sl\/blog\/author\/miha\/"}]}},"_links":{"self":[{"href":"https:\/\/tadejpogacar.com\/sl\/wp-json\/wp\/v2\/posts\/6354","targetHints":{"allow":["GET"]}}],"collection":[{"href":"https:\/\/tadejpogacar.com\/sl\/wp-json\/wp\/v2\/posts"}],"about":[{"href":"https:\/\/tadejpogacar.com\/sl\/wp-json\/wp\/v2\/types\/post"}],"author":[{"embeddable":true,"href":"https:\/\/tadejpogacar.com\/sl\/wp-json\/wp\/v2\/users\/1094"}],"replies":[{"embeddable":true,"href":"https:\/\/tadejpogacar.com\/sl\/wp-json\/wp\/v2\/comments?post=6354"}],"version-history":[{"count":2,"href":"https:\/\/tadejpogacar.com\/sl\/wp-json\/wp\/v2\/posts\/6354\/revisions"}],"predecessor-version":[{"id":6356,"href":"https:\/\/tadejpogacar.com\/sl\/wp-json\/wp\/v2\/posts\/6354\/revisions\/6356"}],"wp:featuredmedia":[{"embeddable":true,"href":"https:\/\/tadejpogacar.com\/sl\/wp-json\/wp\/v2\/media\/6357"}],"wp:attachment":[{"href":"https:\/\/tadejpogacar.com\/sl\/wp-json\/wp\/v2\/media?parent=6354"}],"wp:term":[{"taxonomy":"category","embeddable":true,"href":"https:\/\/tadejpogacar.com\/sl\/wp-json\/wp\/v2\/categories?post=6354"},{"taxonomy":"post_tag","embeddable":true,"href":"https:\/\/tadejpogacar.com\/sl\/wp-json\/wp\/v2\/tags?post=6354"}],"curies":[{"name":"wp","href":"https:\/\/api.w.org\/{rel}","templated":true}]}}