{"id":6260,"date":"2026-06-29T18:39:20","date_gmt":"2026-06-29T16:39:20","guid":{"rendered":"https:\/\/tadejpogacar.com\/sl\/?p=6260"},"modified":"2026-06-29T18:39:21","modified_gmt":"2026-06-29T16:39:21","slug":"z-izjemno-ekipo-na-najvecji-izziv-sezone","status":"publish","type":"post","link":"https:\/\/tadejpogacar.com\/sl\/blog\/z-izjemno-ekipo-na-najvecji-izziv-sezone\/","title":{"rendered":"Z izjemno ekipo na najve\u010dji izziv sezone"},"content":{"rendered":"\n<p class=\"wp-block-paragraph\">Tadej \u017ee od\u0161teva dneve do 113. Toura, ki se bo v soboto za\u010del v Barceloni in se 26. julija kon\u010dal v Parizu. Na 3320,7-kilometrski trasi bo lovil svojo peto zmago, s katero bi se na vrhu ve\u010dne lestvice pridru\u017eil kolesarskim legendam Jacquesu Anquetilu, Eddyju Merckxu, Bernardu Hinaultu in Miguelu Indurainu.<\/p>\n\n\n\n<p class=\"wp-block-paragraph\">Na poti do tega zgodovinskega podviga bo imel ob sebi tudi izjemno ekipi UAE Team Emirates \u2013 XRG. Poleg njega jo bodo sestavljali \u0161e<a> <\/a>Isaac del Toro, Felix Gro\u00dfschartner, Brandon McNulty, Nils Politt, Florian Vermeersch, Tim Wellens in Adam Yates. Vodili jo bodo \u0161porti direktorji Fabrizio Guidi, Andrej Hauptman in Simone Pedrazzini.<\/p>\n\n\n\n<p class=\"wp-block-paragraph\">\u00bbTour de France je vedno najve\u010dji izziv sezone in dirka, ki nas najbolj motivira. Vsako leto pride\u0161 na start z zavedanjem, da se lahko v treh tednih zgodi karkoli, in prav to jo naredi tako posebno. Kot ekipa smo se pripravili zelo dobro, vsi smo izjemno trdo delali in zdaj smo navdu\u0161eni, da lahko kon\u010dno za\u010dnemo v Barceloni,\u00ab je povedal Tadej.<\/p>\n\n\n\n<p class=\"wp-block-paragraph\">Letos je v 16 tekmovalnih dnevih slavil \u017ee 13&nbsp; zmag, ekipa UAE Team Emirates \u2013 XRG pa jih je v sezoni 2026 zbrala \u017ee 51, vendar bo Tour kot vedno zgodba zase. Mo\u010d ekipe bo razvidna \u017ee v uvodni etapi, 19,6 kilometrski mo\u0161tveni vo\u017enji na \u010das s ciljem pri Olimpijskem stadionu v Barceloni. \u00bbPo\u010dutim se dobro, veselim se dirkanja in vem, da bom imel okoli sebe fantasti\u010dno skupino mo\u0161tvenih kolegov in \u010dlanov osebja. Med seboj si zelo zaupamo in skozi leta smo skupaj nabrali veliko izku\u0161enj. Tekmeci bodo mo\u010dni, etape zahtevne in veliko bo tudi drugih nepredvidljivih trenutkov, vendar smo pripravljeni dati vse od sebe. \u010cast je nositi te barve na Touru. Po najbolj\u0161ih mo\u010deh se bomo potrudili, da bomo ponosni mi, ekipa in navija\u010di,\u00ab je \u0161e povedal Tadej.<\/p>\n\n\n\n<p class=\"wp-block-paragraph\">To bo njegova prva leto\u0161nja tritedenska dirka, potem ko je spomladi najprej blestel na enodnevnih dirkah in slavil tudi svojo prvo zmago na Milano\u2013Sanremo. Najbolj\u0161i je bil tudi na obeh leto\u0161njih enotedenskih preizku\u0161njah po Romandiji in po \u0160vici. Zdaj je pred njim najzahtevnej\u0161a preizku\u0161nja leta, ki bo peloton po katalonskem uvodu peljala skozi vseh pet francoskih gorstev, Pireneje, Centralni masiv, Vogeze, Juro in Alpe. Vse skupaj bodo morali kolesarji premagati 53.950 vi\u0161inskih metrov, najbolj\u0161e pa so prireditelji prihranili za konec. Tako 19. kot kraljevska 20. etapa se bosta kon\u010dali na slovitem Alpe d&#8217;Huezu.<\/p>\n\n\n\n<p class=\"wp-block-paragraph\">Konkurenca bo kot vsako leto na Touru spet izjemno mo\u010dna. Tadej bo moral za svojo peto rumeno majico na Elizejskih poljanah premagati tudi izjemne kolesarje, kot so Jonas Vingegaard (Visma Lease a Bike), Paul Seixas (Decathlon CMA CGM), Remco Evenepoel, &nbsp;Florian Lipowitz (oba Red Bull Bora Hansgrohe) in Juan Ayuso (Lidl Trek).<\/p>\n","protected":false},"excerpt":{"rendered":"<p>Tadej \u017ee od\u0161teva dneve do 113. Toura, ki se bo v soboto za\u010del v Barceloni in se 26. julija kon\u010dal<\/p>\n","protected":false},"author":1094,"featured_media":6262,"comment_status":"closed","ping_status":"closed","sticky":false,"template":"","format":"standard","meta":{"_acf_changed":false,"iawp_total_views":33,"footnotes":""},"categories":[1],"tags":[],"class_list":["post-6260","post","type-post","status-publish","format-standard","has-post-thumbnail","hentry","category-novice"],"acf":[],"yoast_head":"<!-- This site is optimized with the Yoast SEO plugin v27.8 - https:\/\/yoast.com\/product\/yoast-seo-wordpress\/ -->\n<title>Z izjemno ekipo na najve\u010dji izziv sezone - Tadej Poga\u010dar<\/title>\n<meta name=\"robots\" content=\"index, follow, max-snippet:-1, max-image-preview:large, max-video-preview:-1\" \/>\n<link rel=\"canonical\" href=\"https:\/\/tadejpogacar.com\/sl\/blog\/z-izjemno-ekipo-na-najvecji-izziv-sezone\/\" \/>\n<meta property=\"og:locale\" content=\"sl_SI\" \/>\n<meta property=\"og:type\" content=\"article\" \/>\n<meta property=\"og:title\" content=\"Z izjemno ekipo na najve\u010dji izziv sezone - Tadej Poga\u010dar\" \/>\n<meta property=\"og:description\" content=\"Tadej \u017ee od\u0161teva dneve do 113. Toura, ki se bo v soboto za\u010del v Barceloni in se 26. julija kon\u010dal\" \/>\n<meta property=\"og:url\" content=\"https:\/\/tadejpogacar.com\/sl\/blog\/z-izjemno-ekipo-na-najvecji-izziv-sezone\/\" \/>\n<meta property=\"og:site_name\" content=\"Tadej Poga\u010dar\" \/>\n<meta property=\"article:publisher\" content=\"https:\/\/www.facebook.com\/Tadej-Pogaar-Brand-108786571960953\" \/>\n<meta property=\"article:published_time\" content=\"2026-06-29T16:39:20+00:00\" \/>\n<meta property=\"article:modified_time\" content=\"2026-06-29T16:39:21+00:00\" \/>\n<meta property=\"og:image\" content=\"https:\/\/tadejpogacar.com\/sl\/wp-content\/uploads\/sites\/3\/2026\/06\/Pogi-Tour-ekipa.jpg\" \/>\n\t<meta property=\"og:image:width\" content=\"1638\" \/>\n\t<meta property=\"og:image:height\" content=\"2048\" \/>\n\t<meta property=\"og:image:type\" content=\"image\/jpeg\" \/>\n<meta name=\"author\" content=\"miha\" \/>\n<meta name=\"twitter:card\" content=\"summary_large_image\" \/>\n<meta name=\"twitter:creator\" content=\"@TamauPogi\" \/>\n<meta name=\"twitter:site\" content=\"@TamauPogi\" \/>\n<meta name=\"twitter:label1\" content=\"Written by\" \/>\n\t<meta name=\"twitter:data1\" content=\"miha\" \/>\n\t<meta name=\"twitter:label2\" content=\"Est. reading time\" \/>\n\t<meta name=\"twitter:data2\" content=\"3 minute\" \/>\n<script type=\"application\/ld+json\" class=\"yoast-schema-graph\">{\"@context\":\"https:\\\/\\\/schema.org\",\"@graph\":[{\"@type\":\"Article\",\"@id\":\"https:\\\/\\\/tadejpogacar.com\\\/sl\\\/blog\\\/z-izjemno-ekipo-na-najvecji-izziv-sezone\\\/#article\",\"isPartOf\":{\"@id\":\"https:\\\/\\\/tadejpogacar.com\\\/sl\\\/blog\\\/z-izjemno-ekipo-na-najvecji-izziv-sezone\\\/\"},\"author\":{\"name\":\"miha\",\"@id\":\"https:\\\/\\\/tadejpogacar.com\\\/sl\\\/#\\\/schema\\\/person\\\/fe142a194ce84b68b083d8af63afbd4f\"},\"headline\":\"Z izjemno ekipo na najve\u010dji izziv sezone\",\"datePublished\":\"2026-06-29T16:39:20+00:00\",\"dateModified\":\"2026-06-29T16:39:21+00:00\",\"mainEntityOfPage\":{\"@id\":\"https:\\\/\\\/tadejpogacar.com\\\/sl\\\/blog\\\/z-izjemno-ekipo-na-najvecji-izziv-sezone\\\/\"},\"wordCount\":467,\"publisher\":{\"@id\":\"https:\\\/\\\/tadejpogacar.com\\\/sl\\\/#organization\"},\"image\":{\"@id\":\"https:\\\/\\\/tadejpogacar.com\\\/sl\\\/blog\\\/z-izjemno-ekipo-na-najvecji-izziv-sezone\\\/#primaryimage\"},\"thumbnailUrl\":\"https:\\\/\\\/tadejpogacar.com\\\/sl\\\/wp-content\\\/uploads\\\/sites\\\/3\\\/2026\\\/06\\\/Pogi-Tour-ekipa.jpg\",\"articleSection\":[\"Novice\"],\"inLanguage\":\"sl-SI\"},{\"@type\":\"WebPage\",\"@id\":\"https:\\\/\\\/tadejpogacar.com\\\/sl\\\/blog\\\/z-izjemno-ekipo-na-najvecji-izziv-sezone\\\/\",\"url\":\"https:\\\/\\\/tadejpogacar.com\\\/sl\\\/blog\\\/z-izjemno-ekipo-na-najvecji-izziv-sezone\\\/\",\"name\":\"Z izjemno ekipo na najve\u010dji izziv sezone - Tadej Poga\u010dar\",\"isPartOf\":{\"@id\":\"https:\\\/\\\/tadejpogacar.com\\\/sl\\\/#website\"},\"primaryImageOfPage\":{\"@id\":\"https:\\\/\\\/tadejpogacar.com\\\/sl\\\/blog\\\/z-izjemno-ekipo-na-najvecji-izziv-sezone\\\/#primaryimage\"},\"image\":{\"@id\":\"https:\\\/\\\/tadejpogacar.com\\\/sl\\\/blog\\\/z-izjemno-ekipo-na-najvecji-izziv-sezone\\\/#primaryimage\"},\"thumbnailUrl\":\"https:\\\/\\\/tadejpogacar.com\\\/sl\\\/wp-content\\\/uploads\\\/sites\\\/3\\\/2026\\\/06\\\/Pogi-Tour-ekipa.jpg\",\"datePublished\":\"2026-06-29T16:39:20+00:00\",\"dateModified\":\"2026-06-29T16:39:21+00:00\",\"breadcrumb\":{\"@id\":\"https:\\\/\\\/tadejpogacar.com\\\/sl\\\/blog\\\/z-izjemno-ekipo-na-najvecji-izziv-sezone\\\/#breadcrumb\"},\"inLanguage\":\"sl-SI\",\"potentialAction\":[{\"@type\":\"ReadAction\",\"target\":[\"https:\\\/\\\/tadejpogacar.com\\\/sl\\\/blog\\\/z-izjemno-ekipo-na-najvecji-izziv-sezone\\\/\"]}]},{\"@type\":\"ImageObject\",\"inLanguage\":\"sl-SI\",\"@id\":\"https:\\\/\\\/tadejpogacar.com\\\/sl\\\/blog\\\/z-izjemno-ekipo-na-najvecji-izziv-sezone\\\/#primaryimage\",\"url\":\"https:\\\/\\\/tadejpogacar.com\\\/sl\\\/wp-content\\\/uploads\\\/sites\\\/3\\\/2026\\\/06\\\/Pogi-Tour-ekipa.jpg\",\"contentUrl\":\"https:\\\/\\\/tadejpogacar.com\\\/sl\\\/wp-content\\\/uploads\\\/sites\\\/3\\\/2026\\\/06\\\/Pogi-Tour-ekipa.jpg\",\"width\":1638,\"height\":2048},{\"@type\":\"BreadcrumbList\",\"@id\":\"https:\\\/\\\/tadejpogacar.com\\\/sl\\\/blog\\\/z-izjemno-ekipo-na-najvecji-izziv-sezone\\\/#breadcrumb\",\"itemListElement\":[{\"@type\":\"ListItem\",\"position\":1,\"name\":\"Home\",\"item\":\"https:\\\/\\\/tadejpogacar.com\\\/sl\\\/\"},{\"@type\":\"ListItem\",\"position\":2,\"name\":\"Z izjemno ekipo na najve\u010dji izziv sezone\"}]},{\"@type\":\"WebSite\",\"@id\":\"https:\\\/\\\/tadejpogacar.com\\\/sl\\\/#website\",\"url\":\"https:\\\/\\\/tadejpogacar.com\\\/sl\\\/\",\"name\":\"Tadej Poga\u010dar\",\"description\":\"Uradna spletna stran\",\"publisher\":{\"@id\":\"https:\\\/\\\/tadejpogacar.com\\\/sl\\\/#organization\"},\"potentialAction\":[{\"@type\":\"SearchAction\",\"target\":{\"@type\":\"EntryPoint\",\"urlTemplate\":\"https:\\\/\\\/tadejpogacar.com\\\/sl\\\/?s={search_term_string}\"},\"query-input\":{\"@type\":\"PropertyValueSpecification\",\"valueRequired\":true,\"valueName\":\"search_term_string\"}}],\"inLanguage\":\"sl-SI\"},{\"@type\":\"Organization\",\"@id\":\"https:\\\/\\\/tadejpogacar.com\\\/sl\\\/#organization\",\"name\":\"Na klancu d.o.o.\",\"url\":\"https:\\\/\\\/tadejpogacar.com\\\/sl\\\/\",\"logo\":{\"@type\":\"ImageObject\",\"inLanguage\":\"sl-SI\",\"@id\":\"https:\\\/\\\/tadejpogacar.com\\\/sl\\\/#\\\/schema\\\/logo\\\/image\\\/\",\"url\":\"https:\\\/\\\/tadejpogacar.com\\\/sl\\\/wp-content\\\/uploads\\\/sites\\\/3\\\/2024\\\/08\\\/TadejPogacar.webp\",\"contentUrl\":\"https:\\\/\\\/tadejpogacar.com\\\/sl\\\/wp-content\\\/uploads\\\/sites\\\/3\\\/2024\\\/08\\\/TadejPogacar.webp\",\"width\":300,\"height\":68,\"caption\":\"Na klancu d.o.o.\"},\"image\":{\"@id\":\"https:\\\/\\\/tadejpogacar.com\\\/sl\\\/#\\\/schema\\\/logo\\\/image\\\/\"},\"sameAs\":[\"https:\\\/\\\/www.facebook.com\\\/Tadej-Pogaar-Brand-108786571960953\",\"https:\\\/\\\/x.com\\\/TamauPogi\",\"https:\\\/\\\/www.instagram.com\\\/tadejpogacar\\\/\",\"https:\\\/\\\/www.youtube.com\\\/c\\\/TadejPogacarOfficial\\\/videos\"]},{\"@type\":\"Person\",\"@id\":\"https:\\\/\\\/tadejpogacar.com\\\/sl\\\/#\\\/schema\\\/person\\\/fe142a194ce84b68b083d8af63afbd4f\",\"name\":\"miha\",\"image\":{\"@type\":\"ImageObject\",\"inLanguage\":\"sl-SI\",\"@id\":\"https:\\\/\\\/secure.gravatar.com\\\/avatar\\\/af93e829a77aef260157fcd424e42411a045467d8199a8f88d0b2cdeb17e056c?s=96&d=mm&r=g\",\"url\":\"https:\\\/\\\/secure.gravatar.com\\\/avatar\\\/af93e829a77aef260157fcd424e42411a045467d8199a8f88d0b2cdeb17e056c?s=96&d=mm&r=g\",\"contentUrl\":\"https:\\\/\\\/secure.gravatar.com\\\/avatar\\\/af93e829a77aef260157fcd424e42411a045467d8199a8f88d0b2cdeb17e056c?s=96&d=mm&r=g\",\"caption\":\"miha\"},\"url\":\"https:\\\/\\\/tadejpogacar.com\\\/sl\\\/blog\\\/author\\\/miha\\\/\"}]}<\/script>\n<!-- \/ Yoast SEO plugin. -->","yoast_head_json":{"title":"Z izjemno ekipo na najve\u010dji izziv sezone - Tadej Poga\u010dar","robots":{"index":"index","follow":"follow","max-snippet":"max-snippet:-1","max-image-preview":"max-image-preview:large","max-video-preview":"max-video-preview:-1"},"canonical":"https:\/\/tadejpogacar.com\/sl\/blog\/z-izjemno-ekipo-na-najvecji-izziv-sezone\/","og_locale":"sl_SI","og_type":"article","og_title":"Z izjemno ekipo na najve\u010dji izziv sezone - Tadej Poga\u010dar","og_description":"Tadej \u017ee od\u0161teva dneve do 113. Toura, ki se bo v soboto za\u010del v Barceloni in se 26. julija kon\u010dal","og_url":"https:\/\/tadejpogacar.com\/sl\/blog\/z-izjemno-ekipo-na-najvecji-izziv-sezone\/","og_site_name":"Tadej Poga\u010dar","article_publisher":"https:\/\/www.facebook.com\/Tadej-Pogaar-Brand-108786571960953","article_published_time":"2026-06-29T16:39:20+00:00","article_modified_time":"2026-06-29T16:39:21+00:00","og_image":[{"width":1638,"height":2048,"url":"https:\/\/tadejpogacar.com\/sl\/wp-content\/uploads\/sites\/3\/2026\/06\/Pogi-Tour-ekipa.jpg","type":"image\/jpeg"}],"author":"miha","twitter_card":"summary_large_image","twitter_creator":"@TamauPogi","twitter_site":"@TamauPogi","twitter_misc":{"Written by":"miha","Est. reading time":"3 minute"},"schema":{"@context":"https:\/\/schema.org","@graph":[{"@type":"Article","@id":"https:\/\/tadejpogacar.com\/sl\/blog\/z-izjemno-ekipo-na-najvecji-izziv-sezone\/#article","isPartOf":{"@id":"https:\/\/tadejpogacar.com\/sl\/blog\/z-izjemno-ekipo-na-najvecji-izziv-sezone\/"},"author":{"name":"miha","@id":"https:\/\/tadejpogacar.com\/sl\/#\/schema\/person\/fe142a194ce84b68b083d8af63afbd4f"},"headline":"Z izjemno ekipo na najve\u010dji izziv sezone","datePublished":"2026-06-29T16:39:20+00:00","dateModified":"2026-06-29T16:39:21+00:00","mainEntityOfPage":{"@id":"https:\/\/tadejpogacar.com\/sl\/blog\/z-izjemno-ekipo-na-najvecji-izziv-sezone\/"},"wordCount":467,"publisher":{"@id":"https:\/\/tadejpogacar.com\/sl\/#organization"},"image":{"@id":"https:\/\/tadejpogacar.com\/sl\/blog\/z-izjemno-ekipo-na-najvecji-izziv-sezone\/#primaryimage"},"thumbnailUrl":"https:\/\/tadejpogacar.com\/sl\/wp-content\/uploads\/sites\/3\/2026\/06\/Pogi-Tour-ekipa.jpg","articleSection":["Novice"],"inLanguage":"sl-SI"},{"@type":"WebPage","@id":"https:\/\/tadejpogacar.com\/sl\/blog\/z-izjemno-ekipo-na-najvecji-izziv-sezone\/","url":"https:\/\/tadejpogacar.com\/sl\/blog\/z-izjemno-ekipo-na-najvecji-izziv-sezone\/","name":"Z izjemno ekipo na najve\u010dji izziv sezone - Tadej Poga\u010dar","isPartOf":{"@id":"https:\/\/tadejpogacar.com\/sl\/#website"},"primaryImageOfPage":{"@id":"https:\/\/tadejpogacar.com\/sl\/blog\/z-izjemno-ekipo-na-najvecji-izziv-sezone\/#primaryimage"},"image":{"@id":"https:\/\/tadejpogacar.com\/sl\/blog\/z-izjemno-ekipo-na-najvecji-izziv-sezone\/#primaryimage"},"thumbnailUrl":"https:\/\/tadejpogacar.com\/sl\/wp-content\/uploads\/sites\/3\/2026\/06\/Pogi-Tour-ekipa.jpg","datePublished":"2026-06-29T16:39:20+00:00","dateModified":"2026-06-29T16:39:21+00:00","breadcrumb":{"@id":"https:\/\/tadejpogacar.com\/sl\/blog\/z-izjemno-ekipo-na-najvecji-izziv-sezone\/#breadcrumb"},"inLanguage":"sl-SI","potentialAction":[{"@type":"ReadAction","target":["https:\/\/tadejpogacar.com\/sl\/blog\/z-izjemno-ekipo-na-najvecji-izziv-sezone\/"]}]},{"@type":"ImageObject","inLanguage":"sl-SI","@id":"https:\/\/tadejpogacar.com\/sl\/blog\/z-izjemno-ekipo-na-najvecji-izziv-sezone\/#primaryimage","url":"https:\/\/tadejpogacar.com\/sl\/wp-content\/uploads\/sites\/3\/2026\/06\/Pogi-Tour-ekipa.jpg","contentUrl":"https:\/\/tadejpogacar.com\/sl\/wp-content\/uploads\/sites\/3\/2026\/06\/Pogi-Tour-ekipa.jpg","width":1638,"height":2048},{"@type":"BreadcrumbList","@id":"https:\/\/tadejpogacar.com\/sl\/blog\/z-izjemno-ekipo-na-najvecji-izziv-sezone\/#breadcrumb","itemListElement":[{"@type":"ListItem","position":1,"name":"Home","item":"https:\/\/tadejpogacar.com\/sl\/"},{"@type":"ListItem","position":2,"name":"Z izjemno ekipo na najve\u010dji izziv sezone"}]},{"@type":"WebSite","@id":"https:\/\/tadejpogacar.com\/sl\/#website","url":"https:\/\/tadejpogacar.com\/sl\/","name":"Tadej Poga\u010dar","description":"Uradna spletna stran","publisher":{"@id":"https:\/\/tadejpogacar.com\/sl\/#organization"},"potentialAction":[{"@type":"SearchAction","target":{"@type":"EntryPoint","urlTemplate":"https:\/\/tadejpogacar.com\/sl\/?s={search_term_string}"},"query-input":{"@type":"PropertyValueSpecification","valueRequired":true,"valueName":"search_term_string"}}],"inLanguage":"sl-SI"},{"@type":"Organization","@id":"https:\/\/tadejpogacar.com\/sl\/#organization","name":"Na klancu d.o.o.","url":"https:\/\/tadejpogacar.com\/sl\/","logo":{"@type":"ImageObject","inLanguage":"sl-SI","@id":"https:\/\/tadejpogacar.com\/sl\/#\/schema\/logo\/image\/","url":"https:\/\/tadejpogacar.com\/sl\/wp-content\/uploads\/sites\/3\/2024\/08\/TadejPogacar.webp","contentUrl":"https:\/\/tadejpogacar.com\/sl\/wp-content\/uploads\/sites\/3\/2024\/08\/TadejPogacar.webp","width":300,"height":68,"caption":"Na klancu d.o.o."},"image":{"@id":"https:\/\/tadejpogacar.com\/sl\/#\/schema\/logo\/image\/"},"sameAs":["https:\/\/www.facebook.com\/Tadej-Pogaar-Brand-108786571960953","https:\/\/x.com\/TamauPogi","https:\/\/www.instagram.com\/tadejpogacar\/","https:\/\/www.youtube.com\/c\/TadejPogacarOfficial\/videos"]},{"@type":"Person","@id":"https:\/\/tadejpogacar.com\/sl\/#\/schema\/person\/fe142a194ce84b68b083d8af63afbd4f","name":"miha","image":{"@type":"ImageObject","inLanguage":"sl-SI","@id":"https:\/\/secure.gravatar.com\/avatar\/af93e829a77aef260157fcd424e42411a045467d8199a8f88d0b2cdeb17e056c?s=96&d=mm&r=g","url":"https:\/\/secure.gravatar.com\/avatar\/af93e829a77aef260157fcd424e42411a045467d8199a8f88d0b2cdeb17e056c?s=96&d=mm&r=g","contentUrl":"https:\/\/secure.gravatar.com\/avatar\/af93e829a77aef260157fcd424e42411a045467d8199a8f88d0b2cdeb17e056c?s=96&d=mm&r=g","caption":"miha"},"url":"https:\/\/tadejpogacar.com\/sl\/blog\/author\/miha\/"}]}},"_links":{"self":[{"href":"https:\/\/tadejpogacar.com\/sl\/wp-json\/wp\/v2\/posts\/6260","targetHints":{"allow":["GET"]}}],"collection":[{"href":"https:\/\/tadejpogacar.com\/sl\/wp-json\/wp\/v2\/posts"}],"about":[{"href":"https:\/\/tadejpogacar.com\/sl\/wp-json\/wp\/v2\/types\/post"}],"author":[{"embeddable":true,"href":"https:\/\/tadejpogacar.com\/sl\/wp-json\/wp\/v2\/users\/1094"}],"replies":[{"embeddable":true,"href":"https:\/\/tadejpogacar.com\/sl\/wp-json\/wp\/v2\/comments?post=6260"}],"version-history":[{"count":1,"href":"https:\/\/tadejpogacar.com\/sl\/wp-json\/wp\/v2\/posts\/6260\/revisions"}],"predecessor-version":[{"id":6261,"href":"https:\/\/tadejpogacar.com\/sl\/wp-json\/wp\/v2\/posts\/6260\/revisions\/6261"}],"wp:featuredmedia":[{"embeddable":true,"href":"https:\/\/tadejpogacar.com\/sl\/wp-json\/wp\/v2\/media\/6262"}],"wp:attachment":[{"href":"https:\/\/tadejpogacar.com\/sl\/wp-json\/wp\/v2\/media?parent=6260"}],"wp:term":[{"taxonomy":"category","embeddable":true,"href":"https:\/\/tadejpogacar.com\/sl\/wp-json\/wp\/v2\/categories?post=6260"},{"taxonomy":"post_tag","embeddable":true,"href":"https:\/\/tadejpogacar.com\/sl\/wp-json\/wp\/v2\/tags?post=6260"}],"curies":[{"name":"wp","href":"https:\/\/api.w.org\/{rel}","templated":true}]}}